{"id":885,"date":"2024-05-01T12:42:39","date_gmt":"2024-05-01T16:42:39","guid":{"rendered":"https:\/\/sindimoveis.cim.br\/?p=885"},"modified":"2024-05-01T13:14:09","modified_gmt":"2024-05-01T17:14:09","slug":"claudecir-contreiras-se-compromete-a-ceder-espaco-para-atendimento-sindical-dos-corretores-na-sede-do-creci","status":"publish","type":"post","link":"https:\/\/sindimoveis.cim.br\/index.php\/2024\/05\/01\/claudecir-contreiras-se-compromete-a-ceder-espaco-para-atendimento-sindical-dos-corretores-na-sede-do-creci\/","title":{"rendered":"CLAUDECIR CONTREIRAS se COMPROMETE a CEDER ESPA\u00c7O para ATENDIMENTO SINDICAL DOS CORRETORES na SEDE DO CRECI a 797 dias"},"content":{"rendered":"<div class='booster-block booster-read-block'>\n                <div class=\"twp-read-time\">\n                \t<i class=\"booster-icon twp-clock\"><\/i> <span>Read Time:<\/span>3 Minute, 5 Second                <\/div>\n\n            <\/div>\n<p>No Termo de Coopera\u00e7\u00e3o assinado em conjunto pelas atuais gest\u00f5es do CRECI e do SINDIM\u00d3VEIS, ambas as Institui\u00e7\u00f5es se comprometeram a fazerem concess\u00f5es m\u00fatuas para beneficio de toda a categoria dos Corretores de Im\u00f3veis de Mato Grosso.<\/p>\n\n\n\n<p>O Ordenamento do Mercado de Corretagem Imobili\u00e1ria \u00e9 formado pelo funcionamento equilibrado de dois Pilares Institucionais:  A fun\u00e7\u00e3o de <strong>POL\u00cdCIA DO MERCADO IMOBILI\u00c1RIO<\/strong> ( a ser exercida pelo CRECI ) e a fun\u00e7\u00e3o de <strong>ASSISTENCIALISMO SOCIAL E DAS RELA\u00c7\u00d5ES DE TRABALHO E EMPREGO<\/strong>  ( a ser exercida pelo SINDIM\u00d3VEIS ).  <\/p>\n\n\n\n<p>Pela legisla\u00e7\u00e3o brasileira as duas Institui\u00e7\u00f5es representam compulsoriamente os interesses coletivos de toda a categoria dos Corretores de Im\u00f3veis (dentro dos limites de suas atribui\u00e7\u00f5es individuais) e devem trabalhar com recursos fornecidos pelos pr\u00f3prios Corretores de Im\u00f3veis atrav\u00e9s de anualidades.<\/p>\n\n\n\n<p>Ocorre que com o<em> fim da obrigatoriedade<\/em> da Contribui\u00e7\u00e3o Sindical o SINDIM\u00d3VEIS MT <strong>perdeu<\/strong> sua condi\u00e7\u00e3o financeira de manter o funcionamento de uma sede f\u00edsica com secret\u00e1ria, <strong>passando <\/strong>em 2020 a realizar seu atendimento aos corretores que necessitam ser assistidos em suas rela\u00e7\u00f5es de trabalho e emprego apenas por telefone, email e website.<\/p>\n\n\n\n<p>Em 24\/03\/2022, assim que a <strong><em>Chapa Pr\u00e1 Frente Corretor<\/em><\/strong> assumiu a gest\u00e3o do CRECI MT, foi assinado o termo de Coopera\u00e7\u00e3o Institucional que previa, dentre outras a\u00e7\u00f5es o compartilhamento de algumas a\u00e7\u00f5es conjuntas:<\/p>\n\n\n\n<ul class=\"wp-block-list\">\n<li>Destina\u00e7\u00e3o de uma sala na parte externa da Sede do CRECI, com entrada e garagem independentes, originalmente projetada e constru\u00edda pelo Saudoso Presidente do CRECI RUY PINHEIRO justamente para servir como espa\u00e7o de atendimento ao Corretor;<\/li>\n\n\n\n<li>Atrav\u00e9s da atribui\u00e7\u00e3o de representa\u00e7\u00e3o Pol\u00edtica da Categoria o SINDIM\u00d3VEIS compartilharia com o CRECI a nomea\u00e7\u00e3o dos cargos nos CONSELHOS CONSULTIVOS nos munic\u00edpios ;<\/li>\n\n\n\n<li>O CRECI e o SINDIMOVEIS criariam em conjunto a C\u00e2mara de Media\u00e7\u00e3o, Concilia\u00e7\u00e3o e Arbitragem com funcion\u00e1rios da pr\u00f3pria estrutura do CRECI para transformar em imediato o cumprimento das a\u00e7\u00f5es despejo, que na justi\u00e7a comum costumam levar meses;<\/li>\n\n\n\n<li>A\u00e7\u00f5es conjunta de arrecada\u00e7\u00e3o e doa\u00e7\u00e3o de \u00edtens essenciais de sobreviv\u00eancia e condi\u00e7\u00f5es m\u00ednimas de trabalho para corretores em dificuldades financeiras ( distribui\u00e7\u00e3o de cestas b\u00e1sicas, celulares e uso de espa\u00e7o f\u00edsico da sede e nas delegacias do interior para uso por corretores como escrit\u00f3rio compartilhado para reuni\u00f5es e servi\u00e7os de elabora\u00e7\u00e3o de contratos);<\/li>\n\n\n\n<li>Cria\u00e7\u00e3o conjunta de revistas e publica\u00e7\u00f5es peri\u00f3dicas e cria\u00e7\u00e3o de leis para defesa das prerrogativas profissionais da categoria;<\/li>\n\n\n\n<li>Entrega ao SINDIM\u00d3VEIS de \u00edntens de uso da autarquia que foram substituidos por novos, como Computadores, impressoras e mob\u00edlias em bom estado e pleno funcionamento, que j\u00e1 estavam separadas para serem encaminhadas \u00e0 doa\u00e7\u00f5es.<\/li>\n<\/ul>\n\n\n\n<figure class=\"wp-block-image size-large\"><img loading=\"lazy\" decoding=\"async\" width=\"1024\" height=\"476\" src=\"https:\/\/sindimoveis.cim.br\/wp-content\/uploads\/2024\/05\/image-4-1024x476.png\" alt=\"\" class=\"wp-image-890\" srcset=\"https:\/\/sindimoveis.cim.br\/wp-content\/uploads\/2024\/05\/image-4-1024x476.png 1024w, https:\/\/sindimoveis.cim.br\/wp-content\/uploads\/2024\/05\/image-4-300x139.png 300w, https:\/\/sindimoveis.cim.br\/wp-content\/uploads\/2024\/05\/image-4-768x357.png 768w, https:\/\/sindimoveis.cim.br\/wp-content\/uploads\/2024\/05\/image-4.png 1190w\" sizes=\"auto, (max-width: 1024px) 100vw, 1024px\" \/><\/figure>\n\n\n\n<figure class=\"wp-block-image size-large\"><img loading=\"lazy\" decoding=\"async\" width=\"1024\" height=\"634\" src=\"https:\/\/sindimoveis.cim.br\/wp-content\/uploads\/2024\/05\/image-3-1024x634.png\" alt=\"\" class=\"wp-image-889\" srcset=\"https:\/\/sindimoveis.cim.br\/wp-content\/uploads\/2024\/05\/image-3-1024x634.png 1024w, https:\/\/sindimoveis.cim.br\/wp-content\/uploads\/2024\/05\/image-3-300x186.png 300w, https:\/\/sindimoveis.cim.br\/wp-content\/uploads\/2024\/05\/image-3-768x476.png 768w, https:\/\/sindimoveis.cim.br\/wp-content\/uploads\/2024\/05\/image-3.png 1389w\" sizes=\"auto, (max-width: 1024px) 100vw, 1024px\" \/><\/figure>\n\n\n\n<p><sub><a href=\"https:\/\/www.studiosti.com.br\/portaltransparencia\/corretorimovel\/mt\/Relatorio\/Menu\/Arquivo_Visualizar_TL.aspx?arquivo=~\/Menu_File\/499347123416_Termo.de.coopera.o.PDF&amp;codigo=974&amp;menu=Termo%20de%20Coopera\u00e7\u00e3o%20-%20CRECI%20e%20SINDIM\u00d3VEIS\" target=\"_blank\" rel=\"noopener\" title=\"TERMO DE COOPERA\u00c7\u00c3O - CRECI - SINDIMOVEIS\">https:\/\/www.studiosti.com.br\/portaltransparencia\/corretorimovel\/mt\/Relatorio\/Menu\/Arquivo_Visualizar_TL.aspx?arquivo=~\/Menu_File\/499347123416_Termo.de.coopera.o.PDF&amp;codigo=974&amp;menu=Termo%20de%20Coopera\u00e7\u00e3o%20-%20CRECI%20e%20SINDIM\u00d3VEIS<\/a><\/sub><\/p>\n\n\n\n<p>Ap\u00f3s a assinatura do TERMO DE COOPERA\u00c7\u00c3O, o SINDIM\u00d3VEIS <strong>cumpriu integralmente e de forma IMEDIATA \u00e0 assinatura do TERMO<\/strong>  sua parte acordada no documento, que inclu\u00eda tamb\u00e9m :<\/p>\n\n\n\n<figure class=\"wp-block-image size-full\"><img loading=\"lazy\" decoding=\"async\" width=\"801\" height=\"185\" src=\"https:\/\/sindimoveis.cim.br\/wp-content\/uploads\/2024\/05\/image-5.png\" alt=\"\" class=\"wp-image-892\" srcset=\"https:\/\/sindimoveis.cim.br\/wp-content\/uploads\/2024\/05\/image-5.png 801w, https:\/\/sindimoveis.cim.br\/wp-content\/uploads\/2024\/05\/image-5-300x69.png 300w, https:\/\/sindimoveis.cim.br\/wp-content\/uploads\/2024\/05\/image-5-768x177.png 768w\" sizes=\"auto, (max-width: 801px) 100vw, 801px\" \/><\/figure>\n\n\n\n<p>Por\u00e9m at\u00e9 a data de hoje, ap\u00f3s <strong>DECORRIDOS 797 DIAS<\/strong>, do documento assinado de promessa feita pelo Presidente Claudecir Contreiras, de ceder para uso do Sindicato a sala originalmente construida para sua ocupa\u00e7\u00e3o na sede do CRECI, ao ser questionado suas palavras se mant\u00e9m reiteradas :<\/p>\n\n\n\n<blockquote class=\"wp-block-quote is-layout-flow wp-block-quote-is-layout-flow\">\n<blockquote class=\"wp-block-quote is-layout-flow wp-block-quote-is-layout-flow\">\n<p><strong>Pr\u00e1 que ningu\u00e9m duvide da nossa palavra empenhada \u00e9 s\u00f3 olhar no portal da transparencia, que dei ordem para publicar l\u00e1.<br><br>Pr\u00e1 pintar a sala para deixar em condi\u00e7\u00f5es do SINDIM\u00d3VEIS ocupar, precisaremos fazer uma licita\u00e7\u00e3o, pois o valor supera nosso limite de contrata\u00e7\u00e3o direta. <strong>Ocorre que a burocracia para organizarmos as coisa no CRECI \u00e9 absurda !<\/strong><br><br>Os computadores e mob\u00edlias acabamos mesmo dando outra destina\u00e7\u00e3o, mas tenham paci\u00eancia que vamos resolver tudo a seu tempo.<\/strong><\/p>\n<\/blockquote>\n<cite>Claudecir Contreiras, PRESIDENTE do CRECI MT, em reiteradas respostas sempre que cobrado sobre o cumprimento do TERMO DE COOPERA\u00c7\u00c3O.<\/cite><\/blockquote>\n        <div class=\"booster-block booster-reactions-block\">\n            <div class=\"twp-reactions-icons\">\n                \n                <div class=\"twp-reacts-wrap\">\n                    <a react-data=\"be-react-1\" post-id=\"885\" class=\"be-face-icons un-reacted\" href=\"javascript:void(0)\">\n                        <img decoding=\"async\" src=\"https:\/\/sindimoveis.cim.br\/wp-content\/plugins\/booster-extension\/\/assets\/icon\/happy.svg\" alt=\"Happy\">\n                    <\/a>\n                    <div class=\"twp-reaction-title\">\n                        Happy                    <\/div>\n                    <div class=\"twp-count-percent\">\n                                                    <span style=\"display: none;\" class=\"twp-react-count\">0<\/span>\n                        \n                                                <span class=\"twp-react-percent\"><span>0<\/span> %<\/span>\n                                            <\/div>\n                <\/div>\n\n                <div class=\"twp-reacts-wrap\">\n                    <a react-data=\"be-react-2\" post-id=\"885\" class=\"be-face-icons un-reacted\" href=\"javascript:void(0)\">\n                        <img decoding=\"async\" src=\"https:\/\/sindimoveis.cim.br\/wp-content\/plugins\/booster-extension\/\/assets\/icon\/sad.svg\" alt=\"Sad\">\n                    <\/a>\n                    <div class=\"twp-reaction-title\">\n                        Sad                    <\/div>\n                    <div class=\"twp-count-percent\">\n                                                    <span style=\"display: none;\" class=\"twp-react-count\">0<\/span>\n                                                                        <span class=\"twp-react-percent\"><span>0<\/span> %<\/span>\n                                            <\/div>\n                <\/div>\n\n                <div class=\"twp-reacts-wrap\">\n                    <a react-data=\"be-react-3\" post-id=\"885\" class=\"be-face-icons un-reacted\" href=\"javascript:void(0)\">\n                        <img decoding=\"async\" src=\"https:\/\/sindimoveis.cim.br\/wp-content\/plugins\/booster-extension\/\/assets\/icon\/excited.svg\" alt=\"Excited\">\n                    <\/a>\n                    <div class=\"twp-reaction-title\">\n                        Excited                    <\/div>\n                    <div class=\"twp-count-percent\">\n                                                    <span style=\"display: none;\" class=\"twp-react-count\">0<\/span>\n                                                                        <span class=\"twp-react-percent\"><span>0<\/span> %<\/span>\n                                            <\/div>\n                <\/div>\n\n                <div class=\"twp-reacts-wrap\">\n                    <a react-data=\"be-react-6\" post-id=\"885\" class=\"be-face-icons un-reacted\" href=\"javascript:void(0)\">\n                        <img decoding=\"async\" src=\"https:\/\/sindimoveis.cim.br\/wp-content\/plugins\/booster-extension\/\/assets\/icon\/sleepy.svg\" alt=\"Sleepy\">\n                    <\/a>\n                    <div class=\"twp-reaction-title\">\n                        Sleepy                    <\/div>\n                    <div class=\"twp-count-percent\">\n                                                    <span style=\"display: none;\" class=\"twp-react-count\">0<\/span>\n                        \n                                                <span class=\"twp-react-percent\"><span>0<\/span> %<\/span>\n                                            <\/div>\n                <\/div>\n\n                <div class=\"twp-reacts-wrap\">\n                    <a react-data=\"be-react-4\" post-id=\"885\" class=\"be-face-icons un-reacted\" href=\"javascript:void(0)\">\n                        <img decoding=\"async\" src=\"https:\/\/sindimoveis.cim.br\/wp-content\/plugins\/booster-extension\/\/assets\/icon\/angry.svg\" alt=\"Angry\">\n                    <\/a>\n                    <div class=\"twp-reaction-title\">Angry<\/div>\n                    <div class=\"twp-count-percent\">\n                                                    <span style=\"display: none;\" class=\"twp-react-count\">0<\/span>\n                                                                        <span class=\"twp-react-percent\"><span>0<\/span> %<\/span>\n                        \n                    <\/div>\n                <\/div>\n\n                <div class=\"twp-reacts-wrap\">\n                    <a react-data=\"be-react-5\" post-id=\"885\" class=\"be-face-icons un-reacted\" href=\"javascript:void(0)\">\n                        <img decoding=\"async\" src=\"https:\/\/sindimoveis.cim.br\/wp-content\/plugins\/booster-extension\/\/assets\/icon\/surprise.svg\" alt=\"Surprise\">\n                    <\/a>\n                    <div class=\"twp-reaction-title\">Surprise<\/div>\n                    <div class=\"twp-count-percent\">\n                                                    <span style=\"display: none;\" class=\"twp-react-count\">0<\/span>\n                                                                        <span class=\"twp-react-percent\"><span>0<\/span> %<\/span>\n                                            <\/div>\n                <\/div>\n\n            <\/div>\n        <\/div>\n\n    ","protected":false},"excerpt":{"rendered":"<p>At\u00e9 a data de hoje, ap\u00f3s DECORRIDOS 797 DIAS, do documento assinado de promessa feita pelo Presidente Claudecir Contreiras, de ceder para uso do Sindicato a sala originalmente construida para sua ocupa\u00e7\u00e3o na sede do CRECI, ao ser questionado suas palavras s\u00e3o&#8230;<\/p>\n","protected":false},"author":1,"featured_media":0,"comment_status":"open","ping_status":"closed","sticky":false,"template":"","format":"standard","meta":{"om_disable_all_campaigns":false,"_monsterinsights_skip_tracking":false,"_monsterinsights_sitenote_active":false,"_monsterinsights_sitenote_note":"","_monsterinsights_sitenote_category":0,"footnotes":""},"categories":[4],"tags":[],"class_list":["post-885","post","type-post","status-publish","format-standard","hentry","category-noticias"],"aioseo_notices":[],"_links":{"self":[{"href":"https:\/\/sindimoveis.cim.br\/index.php\/wp-json\/wp\/v2\/posts\/885","targetHints":{"allow":["GET"]}}],"collection":[{"href":"https:\/\/sindimoveis.cim.br\/index.php\/wp-json\/wp\/v2\/posts"}],"about":[{"href":"https:\/\/sindimoveis.cim.br\/index.php\/wp-json\/wp\/v2\/types\/post"}],"author":[{"embeddable":true,"href":"https:\/\/sindimoveis.cim.br\/index.php\/wp-json\/wp\/v2\/users\/1"}],"replies":[{"embeddable":true,"href":"https:\/\/sindimoveis.cim.br\/index.php\/wp-json\/wp\/v2\/comments?post=885"}],"version-history":[{"count":13,"href":"https:\/\/sindimoveis.cim.br\/index.php\/wp-json\/wp\/v2\/posts\/885\/revisions"}],"predecessor-version":[{"id":911,"href":"https:\/\/sindimoveis.cim.br\/index.php\/wp-json\/wp\/v2\/posts\/885\/revisions\/911"}],"wp:attachment":[{"href":"https:\/\/sindimoveis.cim.br\/index.php\/wp-json\/wp\/v2\/media?parent=885"}],"wp:term":[{"taxonomy":"category","embeddable":true,"href":"https:\/\/sindimoveis.cim.br\/index.php\/wp-json\/wp\/v2\/categories?post=885"},{"taxonomy":"post_tag","embeddable":true,"href":"https:\/\/sindimoveis.cim.br\/index.php\/wp-json\/wp\/v2\/tags?post=885"}],"curies":[{"name":"wp","href":"https:\/\/api.w.org\/{rel}","templated":true}]}}