{"id":880,"date":"2024-02-15T08:41:21","date_gmt":"2024-02-15T12:41:21","guid":{"rendered":"https:\/\/sindimoveis.cim.br\/?p=880"},"modified":"2024-02-15T08:41:53","modified_gmt":"2024-02-15T12:41:53","slug":"carta-aberta-aos-corretores-e-corretoras-deimoveis-de-mato-grosso","status":"publish","type":"post","link":"https:\/\/sindimoveis.cim.br\/index.php\/2024\/02\/15\/carta-aberta-aos-corretores-e-corretoras-deimoveis-de-mato-grosso\/","title":{"rendered":"CARTA ABERTA aos CORRETORES e CORRETORAS de IM\u00d3VEIS de MATO GROSSO"},"content":{"rendered":"<div class='booster-block booster-read-block'>\n                <div class=\"twp-read-time\">\n                \t<i class=\"booster-icon twp-clock\"><\/i> <span>Read Time:<\/span>2 Minute, 6 Second                <\/div>\n\n            <\/div>\n<p>O Sindicato dos Corretores de Im\u00f3veis do Estado de Mato Grosso \u2013 SINDIMOVEIS MT, entidade representativa da categoria em \u00e2mbito laboral, visando garantir direitos e prestar esclarecimentos quanto ao veto do governador Mauro Mendes ao Projeto de Lei 2194\/2023, e evitar a dissemina\u00e7\u00e3o de Fake News por pessoas imbu\u00eddas de interesses escusos e eleitoreiros, vem ao seu p\u00fablico ESCLARECER que :<\/p>\n\n\n\n<ul class=\"wp-block-list\">\n<li>Desde 2022 trabalha para inserir os corretores de im\u00f3veis dentro da etapa administrativa das vendas dos Im\u00f3veis do Programa habitacional associativo j\u00e1 implementado nos munic\u00edpios com subs\u00eddios do Governo de Mato Grosso;<\/li>\n\n\n\n<li>Em todo o Brasil, \u00e9 <strong>apenas administrativo<\/strong> o instrumento correto para garantir aos Corretores a comiss\u00e3o nas vendas dos im\u00f3veis neste Programa, cujos detalhes pr\u00e1ticos s\u00e3o definidos atrav\u00e9s de negocia\u00e7\u00e3o regionalizadas;<\/li>\n\n\n\n<li>O di\u00e1logo com o Governo do Estado de Mato Grosso estava fluindo de forma pac\u00edfica, ordeira e num clima de respeito com a categoria.<\/li>\n<\/ul>\n\n\n\n<p><strong>Considerando <\/strong>que nos \u00faltimos dias as redes sociais est\u00e3o sendo usadas para inflamar e incentivar uma animosidade que at\u00e9 ent\u00e3o n\u00e3o existia entre nossa Classe e o Governo, e transformando em <strong>POL\u00cdTICA<\/strong> uma decis\u00e3o que \u00e9 apenas <strong>ADMINISTRATIVA<\/strong>, cumpre-nos <strong>INFORMAR<\/strong> que :<\/p>\n\n\n\n<ul class=\"wp-block-list\">\n<li>O Governo de Mato Grosso <strong>nunca proibiu<\/strong> a participa\u00e7\u00e3o dos Corretores neste Programa Habitacional;<\/li>\n\n\n\n<li>Como j\u00e1 informado pelo pr\u00f3prio governo no di\u00e1rio oficial do dia 09 de janeiro de 2024 na p\u00e1gina 8, mensagem n\u00ba 06&#8230;na qual justifica o VETO ao Projeto de Lei alegando que&nbsp; <strong><u>j\u00e1 est\u00e1 assegurada<\/u><\/strong> \u201ca atua\u00e7\u00e3o dos corretores imobili\u00e1rios nas intermedia\u00e7\u00f5es no \u00e2mbito dos programas habitacionais(&#8230;).\u201d;<\/li>\n\n\n\n<li>Amparado pela Lei n\u00ba 14.382\/22 o COFECI renovou o conv\u00eanio de parceria institucional com a Caixa Econ\u00f4mica, que \u00e9 a entidade detentora destes contratos de financiamento, <em>como tamb\u00e9m \u00e9 o caso de Mato Grosso<\/em>, de forma que os Corretores que receberem as autoriza\u00e7\u00f5es de venda dever\u00e3o ter cadastro ativo no SGR-COFECI e respeitar as regras a serem definidas;<\/li>\n\n\n\n<li>O SINDIM\u00d3VEIS MT organizou um ciclo de treinamentos gratuitos para que os corretores de Mato Grosso dominem todas as etapas do uso da ferramenta SGR-COFECI e assim possam participar deste programa habitacional contribuindo de forma h\u00e1bil e eficiente.<\/li>\n<\/ul>\n\n\n\n<p>Este Sindicato <strong>REFOR\u00c7A <\/strong>a firme posi\u00e7\u00e3o de sempre esclarecer a verdade dos fatos e n\u00e3o coadunar com a manipula\u00e7\u00e3o da confian\u00e7a de toda uma categoria apenas para autopromo\u00e7\u00e3o pol\u00edtica, pois <strong>N\u00c3O TEM<\/strong> absolutamente nenhum sentido pedirmos pela aprova\u00e7\u00e3o de uma<strong> LEI<\/strong> para garantir o que <strong>J\u00c1 EST\u00c1 GARANTIDO<\/strong> !<\/p>\n\n\n\n<p>Venha ser Parceiro ! Junte-se a n\u00f3s. <\/p>\n\n\n\n<p><\/p>\n\n\n\n<p>Juliano Lobato Evangelista<br>CRECI F 5407 MT<br>Presidente SINDIM\u00d3VEIS MT \u2013 Gest\u00e3o 2022\/2025<br><\/p>\n        <div class=\"booster-block booster-reactions-block\">\n            <div class=\"twp-reactions-icons\">\n                \n                <div class=\"twp-reacts-wrap\">\n                    <a react-data=\"be-react-1\" post-id=\"880\" class=\"be-face-icons un-reacted\" href=\"javascript:void(0)\">\n                        <img decoding=\"async\" src=\"https:\/\/sindimoveis.cim.br\/wp-content\/plugins\/booster-extension\/\/assets\/icon\/happy.svg\" alt=\"Happy\">\n                    <\/a>\n                    <div class=\"twp-reaction-title\">\n                        Happy                    <\/div>\n                    <div class=\"twp-count-percent\">\n                                                    <span style=\"display: none;\" class=\"twp-react-count\">0<\/span>\n                        \n                                                <span class=\"twp-react-percent\"><span>0<\/span> %<\/span>\n                                            <\/div>\n                <\/div>\n\n                <div class=\"twp-reacts-wrap\">\n                    <a react-data=\"be-react-2\" post-id=\"880\" class=\"be-face-icons un-reacted\" href=\"javascript:void(0)\">\n                        <img decoding=\"async\" src=\"https:\/\/sindimoveis.cim.br\/wp-content\/plugins\/booster-extension\/\/assets\/icon\/sad.svg\" alt=\"Sad\">\n                    <\/a>\n                    <div class=\"twp-reaction-title\">\n                        Sad                    <\/div>\n                    <div class=\"twp-count-percent\">\n                                                    <span style=\"display: none;\" class=\"twp-react-count\">0<\/span>\n                                                                        <span class=\"twp-react-percent\"><span>0<\/span> %<\/span>\n                                            <\/div>\n                <\/div>\n\n                <div class=\"twp-reacts-wrap\">\n                    <a react-data=\"be-react-3\" post-id=\"880\" class=\"be-face-icons un-reacted\" href=\"javascript:void(0)\">\n                        <img decoding=\"async\" src=\"https:\/\/sindimoveis.cim.br\/wp-content\/plugins\/booster-extension\/\/assets\/icon\/excited.svg\" alt=\"Excited\">\n                    <\/a>\n                    <div class=\"twp-reaction-title\">\n                        Excited                    <\/div>\n                    <div class=\"twp-count-percent\">\n                                                    <span style=\"display: none;\" class=\"twp-react-count\">0<\/span>\n                                                                        <span class=\"twp-react-percent\"><span>0<\/span> %<\/span>\n                                            <\/div>\n                <\/div>\n\n                <div class=\"twp-reacts-wrap\">\n                    <a react-data=\"be-react-6\" post-id=\"880\" class=\"be-face-icons un-reacted\" href=\"javascript:void(0)\">\n                        <img decoding=\"async\" src=\"https:\/\/sindimoveis.cim.br\/wp-content\/plugins\/booster-extension\/\/assets\/icon\/sleepy.svg\" alt=\"Sleepy\">\n                    <\/a>\n                    <div class=\"twp-reaction-title\">\n                        Sleepy                    <\/div>\n                    <div class=\"twp-count-percent\">\n                                                    <span style=\"display: none;\" class=\"twp-react-count\">0<\/span>\n                        \n                                                <span class=\"twp-react-percent\"><span>0<\/span> %<\/span>\n                                            <\/div>\n                <\/div>\n\n                <div class=\"twp-reacts-wrap\">\n                    <a react-data=\"be-react-4\" post-id=\"880\" class=\"be-face-icons un-reacted\" href=\"javascript:void(0)\">\n                        <img decoding=\"async\" src=\"https:\/\/sindimoveis.cim.br\/wp-content\/plugins\/booster-extension\/\/assets\/icon\/angry.svg\" alt=\"Angry\">\n                    <\/a>\n                    <div class=\"twp-reaction-title\">Angry<\/div>\n                    <div class=\"twp-count-percent\">\n                                                    <span style=\"display: none;\" class=\"twp-react-count\">0<\/span>\n                                                                        <span class=\"twp-react-percent\"><span>0<\/span> %<\/span>\n                        \n                    <\/div>\n                <\/div>\n\n                <div class=\"twp-reacts-wrap\">\n                    <a react-data=\"be-react-5\" post-id=\"880\" class=\"be-face-icons un-reacted\" href=\"javascript:void(0)\">\n                        <img decoding=\"async\" src=\"https:\/\/sindimoveis.cim.br\/wp-content\/plugins\/booster-extension\/\/assets\/icon\/surprise.svg\" alt=\"Surprise\">\n                    <\/a>\n                    <div class=\"twp-reaction-title\">Surprise<\/div>\n                    <div class=\"twp-count-percent\">\n                                                    <span style=\"display: none;\" class=\"twp-react-count\">0<\/span>\n                                                                        <span class=\"twp-react-percent\"><span>0<\/span> %<\/span>\n                                            <\/div>\n                <\/div>\n\n            <\/div>\n        <\/div>\n\n    ","protected":false},"excerpt":{"rendered":"<p>O Sindicato dos Corretores de Im\u00f3veis do Estado de Mato Grosso \u2013 SINDIMOVEIS MT, entidade representativa da categoria em \u00e2mbito laboral, visando garantir direitos e prestar esclarecimentos quanto ao veto do governador Mauro Mendes ao Projeto de Lei 2194\/2023, e evitar a dissemina\u00e7\u00e3o de Fake News por pessoas imbu\u00eddas de interesses escusos e eleitoreiros, vem [&hellip;]<\/p>\n","protected":false},"author":1,"featured_media":0,"comment_status":"open","ping_status":"open","sticky":false,"template":"","format":"standard","meta":{"om_disable_all_campaigns":false,"_monsterinsights_skip_tracking":false,"_monsterinsights_sitenote_active":false,"_monsterinsights_sitenote_note":"","_monsterinsights_sitenote_category":0,"footnotes":""},"categories":[1],"tags":[],"class_list":["post-880","post","type-post","status-publish","format-standard","hentry","category-comunicacao-oficial"],"aioseo_notices":[],"_links":{"self":[{"href":"https:\/\/sindimoveis.cim.br\/index.php\/wp-json\/wp\/v2\/posts\/880","targetHints":{"allow":["GET"]}}],"collection":[{"href":"https:\/\/sindimoveis.cim.br\/index.php\/wp-json\/wp\/v2\/posts"}],"about":[{"href":"https:\/\/sindimoveis.cim.br\/index.php\/wp-json\/wp\/v2\/types\/post"}],"author":[{"embeddable":true,"href":"https:\/\/sindimoveis.cim.br\/index.php\/wp-json\/wp\/v2\/users\/1"}],"replies":[{"embeddable":true,"href":"https:\/\/sindimoveis.cim.br\/index.php\/wp-json\/wp\/v2\/comments?post=880"}],"version-history":[{"count":2,"href":"https:\/\/sindimoveis.cim.br\/index.php\/wp-json\/wp\/v2\/posts\/880\/revisions"}],"predecessor-version":[{"id":882,"href":"https:\/\/sindimoveis.cim.br\/index.php\/wp-json\/wp\/v2\/posts\/880\/revisions\/882"}],"wp:attachment":[{"href":"https:\/\/sindimoveis.cim.br\/index.php\/wp-json\/wp\/v2\/media?parent=880"}],"wp:term":[{"taxonomy":"category","embeddable":true,"href":"https:\/\/sindimoveis.cim.br\/index.php\/wp-json\/wp\/v2\/categories?post=880"},{"taxonomy":"post_tag","embeddable":true,"href":"https:\/\/sindimoveis.cim.br\/index.php\/wp-json\/wp\/v2\/tags?post=880"}],"curies":[{"name":"wp","href":"https:\/\/api.w.org\/{rel}","templated":true}]}}