{"id":758,"date":"2022-09-10T12:24:31","date_gmt":"2022-09-10T16:24:31","guid":{"rendered":"https:\/\/sindimoveis.cim.br\/?p=758"},"modified":"2022-09-10T12:56:06","modified_gmt":"2022-09-10T16:56:06","slug":"creci-e-sindimoveis-lutam-por-quase-uma-centena-de-milhoes-de-reais-em-honorario-para-corretores-de-imoveis-junto-ao-governo-de-mato-grosso","status":"publish","type":"post","link":"https:\/\/sindimoveis.cim.br\/index.php\/2022\/09\/10\/creci-e-sindimoveis-lutam-por-quase-uma-centena-de-milhoes-de-reais-em-honorario-para-corretores-de-imoveis-junto-ao-governo-de-mato-grosso\/","title":{"rendered":"CRECI e SINDIMOVEIS lutam por quase UMA CENTENA DE MILH\u00d5ES DE REAIS em honor\u00e1rio para Corretores de Im\u00f3veis junto ao Governo de Mato Grosso"},"content":{"rendered":"<div class='booster-block booster-read-block'>\n                <div class=\"twp-read-time\">\n                \t<i class=\"booster-icon twp-clock\"><\/i> <span>Read Time:<\/span>2 Minute, 33 Second                <\/div>\n\n            <\/div>\n<p>O Gestor-Maior da Pol\u00edcia do Mercado Imobili\u00e1rio de Mato Grosso,<strong> c.i. Claudecir Roque Contreira<\/strong> CRECI 3528, iniciou a algumas semanas uma luta para impedir que o Governo do Estado de Mato Grosso, atrav\u00e9s da<strong> inani\u00e7\u00e3o e neglig\u00eancia da MT PAR<\/strong>, fosse solid\u00e1ria junto a alguns Prefeitos de Mato Grosso na facilita\u00e7\u00e3o ao exerc\u00edcio ilegal da profiss\u00e3o de corretor de im\u00f3veis. Ato j\u00e1 previsto no Artigo 47 da Lei de Contraven\u00e7\u00f5es Penais que acreditamos, pelo princ\u00edpio da boa-f\u00e9, ser apenas de desconhecimento da diretoria da entidade que tem o dever de of\u00edcio de dominar e conduzir a Consultoria T\u00e9cnica para as celebra\u00e7\u00f5es de conv\u00eanios.<\/p>\n\n\n\n<p><strong>Conhe\u00e7a a composi\u00e7\u00e3o da equipe do MT PAR  na Gest\u00e3o Mauro Mendes<\/strong>:<\/p>\n\n\n\n<figure class=\"wp-block-image size-full is-resized\"><img loading=\"lazy\" decoding=\"async\" src=\"https:\/\/sindimoveis.cim.br\/wp-content\/uploads\/2022\/09\/image.png\" alt=\"\" class=\"wp-image-759\" width=\"840\" height=\"532\" srcset=\"https:\/\/sindimoveis.cim.br\/wp-content\/uploads\/2022\/09\/image.png 948w, https:\/\/sindimoveis.cim.br\/wp-content\/uploads\/2022\/09\/image-300x190.png 300w, https:\/\/sindimoveis.cim.br\/wp-content\/uploads\/2022\/09\/image-768x487.png 768w\" sizes=\"auto, (max-width: 840px) 100vw, 840px\" \/><\/figure>\n\n\n\n<p>Apesar de j\u00e1 disposto na <strong>LEI DE ACESSO \u00c0 INFORMA\u00c7\u00c3O <\/strong>a Dra Carmelice e toda a equipe jur\u00eddica do CRECI iniciaram uma tarefa Herc\u00falea em busca de informa\u00e7\u00f5es sobre os projetos habitacionais do Governo de Mato Grosso realizados em parceria com as Prefeituras atrav\u00e9s do regime associativo, onde os <strong>IMOVEIS SER\u00c3O VENDIDOS<\/strong> e n\u00e3o doados para os cidad\u00e3os dos munic\u00edpios de Mato Grosso.<\/p>\n\n\n\n<p>Para somar for\u00e7as nesta tarefa de solicita\u00e7\u00e3o de<strong> exibi\u00e7\u00e3o de dados p\u00fablicos<\/strong> de forma n\u00e3o-truncada e do dever de <strong>fazer cumprir a lei <\/strong>junto ao Governo do Estado, <strong>Claudecir Contreiras<\/strong> convocou o<strong> SINDIM\u00d3VEIS MT<\/strong>,  para que cada Institui\u00e7\u00e3o dentro de <strong>suas atribui\u00e7\u00f5es individuais de representa\u00e7\u00e3o compuls\u00f3ria da categoria<\/strong>,  inclusive nas esferas judiciais se for o caso, GARANTIREM o DIREITO CONSITUCIONAL dos CORRETORES de IM\u00d3VEIS intermediarem IMOVEIS que s\u00e3o COMERCIALIZADOS. <\/p>\n\n\n\n<blockquote class=\"wp-block-quote is-layout-flow wp-block-quote-is-layout-flow\"><p>&#8220;Aos pleitos do <strong>CRECI<\/strong> protocolizados junto ao Governo do Estado na audi\u00eancia presencial, o <strong>SINDIM\u00d3VEIS<\/strong> somou a solicita\u00e7\u00e3o da Exibi\u00e7\u00e3o das Fichas Resumo dos Empreendimentos <strong>(FRE)<\/strong> mais o detalhamento do descritivo do planejamento de custos, apura\u00e7\u00e3o de lucros e forma de rateio dos resultados de cada um dos Conv\u00eanios Habitacionais assinados que envolvam a <strong>FAIXA 02 <\/strong>(comercializa\u00e7\u00e3o de im\u00f3veis).  Isso porque a Comiss\u00e3o do Corretor j\u00e1 \u00e9 hist\u00f3rica e automaticamente computada em todos os Planilhamentos de obras. <strong>Se os corretores dos munic\u00edpios n\u00e3o receberam chamamento p\u00fablico para intermediarem essas negocia\u00e7\u00f5es ent\u00e3o precisamos saber para quem os 6% de nossa comiss\u00e3o estavam planejados para serem destinados.<\/strong> <\/p><cite><strong>c.i. Juliano Lobato Evangelista<\/strong> CRECI 5407, Presidente <strong>SINDIMOVEIS MT<\/strong><\/cite><\/blockquote>\n\n\n\n<p>\u00c0s 15h30 do dia 09\/09\/2022 o <strong>SINDIM\u00d3VEIS<\/strong> e o <strong>CRECI<\/strong> foram recebidos para uma audi\u00eancia oficial na casa civil do Governo Mauro Mendes para que o Governo do Estado entendesse <strong>&#8220;onde est\u00e1 o problema&#8221;<\/strong> que n\u00e3o foi detectado em nenhuma das etapas de elabora\u00e7\u00e3o do Programa Habitacional gestado pelo MT PAR que quer ZERAR  O D\u00c9FCIT HABITACIONAL de MT.  <\/p>\n\n\n\n<p><strong>SINDIM\u00d3VEIS<\/strong> e <strong>CRECI <\/strong>esperam que o Governo Mauro Mendes n\u00e3o espere o fim deste pleito eleitoral para come\u00e7ar a se mexer em respeito \u00e0 garantir os Direitos do Corretor de Im\u00f3veis, pois independente para quem esteja sentado na cadeira de Governador a <strong>LEI TEM O MESMO PESO<\/strong>.<\/p>\n\n\n\n<p>Como diria nosso eterno advogado e poeta mato-grossense Silva Freire que tamb\u00e9m foi um dos Gestores na Caixa Econ\u00f4mica Federal em MT: <strong><em> &#8220;tch\u00e1rpol\u00e1 de banda bananinha de bulicho&#8221;<\/em><\/strong> <\/p>\n\n\n\n<p><\/p>\n\n\n\n<p><\/p>\n\n\n\n<p><em>Mat\u00e9ria de Juliano Lobato <\/em><br>ww.sindimoveis.cim.br<\/p>\n        <div class=\"booster-block booster-reactions-block\">\n            <div class=\"twp-reactions-icons\">\n                \n                <div class=\"twp-reacts-wrap\">\n                    <a react-data=\"be-react-1\" post-id=\"758\" class=\"be-face-icons un-reacted\" href=\"javascript:void(0)\">\n                        <img decoding=\"async\" src=\"https:\/\/sindimoveis.cim.br\/wp-content\/plugins\/booster-extension\/\/assets\/icon\/happy.svg\" alt=\"Happy\">\n                    <\/a>\n                    <div class=\"twp-reaction-title\">\n                        Happy                    <\/div>\n                    <div class=\"twp-count-percent\">\n                                                    <span style=\"display: none;\" class=\"twp-react-count\">0<\/span>\n                        \n                                                <span class=\"twp-react-percent\"><span>0<\/span> %<\/span>\n                                            <\/div>\n                <\/div>\n\n                <div class=\"twp-reacts-wrap\">\n                    <a react-data=\"be-react-2\" post-id=\"758\" class=\"be-face-icons un-reacted\" href=\"javascript:void(0)\">\n                        <img decoding=\"async\" src=\"https:\/\/sindimoveis.cim.br\/wp-content\/plugins\/booster-extension\/\/assets\/icon\/sad.svg\" alt=\"Sad\">\n                    <\/a>\n                    <div class=\"twp-reaction-title\">\n                        Sad                    <\/div>\n                    <div class=\"twp-count-percent\">\n                                                    <span style=\"display: none;\" class=\"twp-react-count\">1<\/span>\n                                                                        <span class=\"twp-react-percent\"><span>100<\/span> %<\/span>\n                                            <\/div>\n                <\/div>\n\n                <div class=\"twp-reacts-wrap\">\n                    <a react-data=\"be-react-3\" post-id=\"758\" class=\"be-face-icons un-reacted\" href=\"javascript:void(0)\">\n                        <img decoding=\"async\" src=\"https:\/\/sindimoveis.cim.br\/wp-content\/plugins\/booster-extension\/\/assets\/icon\/excited.svg\" alt=\"Excited\">\n                    <\/a>\n                    <div class=\"twp-reaction-title\">\n                        Excited                    <\/div>\n                    <div class=\"twp-count-percent\">\n                                                    <span style=\"display: none;\" class=\"twp-react-count\">0<\/span>\n                                                                        <span class=\"twp-react-percent\"><span>0<\/span> %<\/span>\n                                            <\/div>\n                <\/div>\n\n                <div class=\"twp-reacts-wrap\">\n                    <a react-data=\"be-react-6\" post-id=\"758\" class=\"be-face-icons un-reacted\" href=\"javascript:void(0)\">\n                        <img decoding=\"async\" src=\"https:\/\/sindimoveis.cim.br\/wp-content\/plugins\/booster-extension\/\/assets\/icon\/sleepy.svg\" alt=\"Sleepy\">\n                    <\/a>\n                    <div class=\"twp-reaction-title\">\n                        Sleepy                    <\/div>\n                    <div class=\"twp-count-percent\">\n                                                    <span style=\"display: none;\" class=\"twp-react-count\">0<\/span>\n                        \n                                                <span class=\"twp-react-percent\"><span>0<\/span> %<\/span>\n                                            <\/div>\n                <\/div>\n\n                <div class=\"twp-reacts-wrap\">\n                    <a react-data=\"be-react-4\" post-id=\"758\" class=\"be-face-icons un-reacted\" href=\"javascript:void(0)\">\n                        <img decoding=\"async\" src=\"https:\/\/sindimoveis.cim.br\/wp-content\/plugins\/booster-extension\/\/assets\/icon\/angry.svg\" alt=\"Angry\">\n                    <\/a>\n                    <div class=\"twp-reaction-title\">Angry<\/div>\n                    <div class=\"twp-count-percent\">\n                                                    <span style=\"display: none;\" class=\"twp-react-count\">0<\/span>\n                                                                        <span class=\"twp-react-percent\"><span>0<\/span> %<\/span>\n                        \n                    <\/div>\n                <\/div>\n\n                <div class=\"twp-reacts-wrap\">\n                    <a react-data=\"be-react-5\" post-id=\"758\" class=\"be-face-icons un-reacted\" href=\"javascript:void(0)\">\n                        <img decoding=\"async\" src=\"https:\/\/sindimoveis.cim.br\/wp-content\/plugins\/booster-extension\/\/assets\/icon\/surprise.svg\" alt=\"Surprise\">\n                    <\/a>\n                    <div class=\"twp-reaction-title\">Surprise<\/div>\n                    <div class=\"twp-count-percent\">\n                                                    <span style=\"display: none;\" class=\"twp-react-count\">0<\/span>\n                                                                        <span class=\"twp-react-percent\"><span>0<\/span> %<\/span>\n                                            <\/div>\n                <\/div>\n\n            <\/div>\n        <\/div>\n\n    ","protected":false},"excerpt":{"rendered":"<p>O Gestor-Maior da Pol\u00edcia do Mercado Imobili\u00e1rio de Mato Grosso, c.i. Claudecir Roque Contreira CRECI 3528, iniciou a algumas semanas uma luta para impedir que o Governo do Estado de Mato Grosso, atrav\u00e9s da inani\u00e7\u00e3o e neglig\u00eancia da MT PAR, fosse solid\u00e1ria junto a alguns Prefeitos de Mato Grosso na facilita\u00e7\u00e3o ao exerc\u00edcio ilegal da [&hellip;]<\/p>\n","protected":false},"author":1,"featured_media":760,"comment_status":"open","ping_status":"open","sticky":false,"template":"","format":"standard","meta":{"om_disable_all_campaigns":false,"_monsterinsights_skip_tracking":false,"_monsterinsights_sitenote_active":false,"_monsterinsights_sitenote_note":"","_monsterinsights_sitenote_category":0,"footnotes":""},"categories":[3],"tags":[28],"class_list":["post-758","post","type-post","status-publish","format-standard","has-post-thumbnail","hentry","category-mensagens","tag-crecimt"],"aioseo_notices":[],"_links":{"self":[{"href":"https:\/\/sindimoveis.cim.br\/index.php\/wp-json\/wp\/v2\/posts\/758","targetHints":{"allow":["GET"]}}],"collection":[{"href":"https:\/\/sindimoveis.cim.br\/index.php\/wp-json\/wp\/v2\/posts"}],"about":[{"href":"https:\/\/sindimoveis.cim.br\/index.php\/wp-json\/wp\/v2\/types\/post"}],"author":[{"embeddable":true,"href":"https:\/\/sindimoveis.cim.br\/index.php\/wp-json\/wp\/v2\/users\/1"}],"replies":[{"embeddable":true,"href":"https:\/\/sindimoveis.cim.br\/index.php\/wp-json\/wp\/v2\/comments?post=758"}],"version-history":[{"count":12,"href":"https:\/\/sindimoveis.cim.br\/index.php\/wp-json\/wp\/v2\/posts\/758\/revisions"}],"predecessor-version":[{"id":778,"href":"https:\/\/sindimoveis.cim.br\/index.php\/wp-json\/wp\/v2\/posts\/758\/revisions\/778"}],"wp:featuredmedia":[{"embeddable":true,"href":"https:\/\/sindimoveis.cim.br\/index.php\/wp-json\/wp\/v2\/media\/760"}],"wp:attachment":[{"href":"https:\/\/sindimoveis.cim.br\/index.php\/wp-json\/wp\/v2\/media?parent=758"}],"wp:term":[{"taxonomy":"category","embeddable":true,"href":"https:\/\/sindimoveis.cim.br\/index.php\/wp-json\/wp\/v2\/categories?post=758"},{"taxonomy":"post_tag","embeddable":true,"href":"https:\/\/sindimoveis.cim.br\/index.php\/wp-json\/wp\/v2\/tags?post=758"}],"curies":[{"name":"wp","href":"https:\/\/api.w.org\/{rel}","templated":true}]}}