{"id":63,"date":"2020-10-28T00:56:04","date_gmt":"2020-10-28T03:56:04","guid":{"rendered":"http:\/\/sindimoveis.cim.br\/?p=63"},"modified":"2020-10-28T00:56:04","modified_gmt":"2020-10-28T03:56:04","slug":"r-416-e-o-valor-da-mensalidade-para-filiar-se-ao-sindimoveis-mt","status":"publish","type":"post","link":"https:\/\/sindimoveis.cim.br\/index.php\/2020\/10\/28\/r-416-e-o-valor-da-mensalidade-para-filiar-se-ao-sindimoveis-mt\/","title":{"rendered":"R$ 4,16 \u00e9 o valor da mensalidade para sindicalizar-se ao SINDIM\u00d3VEIS MT"},"content":{"rendered":"<div class='booster-block booster-read-block'>\n                <div class=\"twp-read-time\">\n                \t<i class=\"booster-icon twp-clock\"><\/i> <span>Read Time:<\/span>4 Minute, 41 Second                <\/div>\n\n            <\/div>\n<p>Por decis\u00e3o da diretoria do <strong>SINDIMOVEIS MT<\/strong>, <em>Sindicato dos Corretores de Im\u00f3veis de Mato Grosso<\/em>, atrav\u00e9s de reuni\u00e3o virtual, na tarde do dia  27\/10\/2020, ficou estabelecido o valor de<strong> R$ 4,16<\/strong> <em>(quatro reais e dezesseis centavos)<\/em> por m\u00eas como valor da contribui\u00e7\u00e3o sindical individual, para que o Corretor de Im\u00f3veis possa ter acesso a todos os benef\u00edcios do Sindicato.<\/p>\n\n\n\n<p>A maioria dos Diretores da atual gest\u00e3o acredita que, os Benef\u00edcios ofertados s\u00e3o de excelente qualidade e com valores significativamente abaixo do que \u00e9 praticado pelo mercado, por\u00e9m precisamos criar condi\u00e7\u00f5es para que TODOS possam se sindicalizar.  A id\u00e9ia inicial de oferecer TODOS os benef\u00edcios de forma compuls\u00f3ria foi vencida pela id\u00e9ia de oferecer uma SINDICALIZA\u00c7\u00c3O com valor simb\u00f3lico e deixar cada corretor decidir quais benef\u00edcios ele deseja colocar em sua cesta.  Desta forma, em renegocia\u00e7\u00e3o com todas as empresas parceiras, chegamos no consenso de oferecer valores atrelados \u00e0 idade dos sindicalizados. <\/p>\n\n\n\n<blockquote class=\"wp-block-quote is-style-large is-layout-flow wp-block-quote-is-layout-flow\"><p>Preocupados em fazer com que o SINDIM\u00d3VEIS realmente atenda \u00e0s necessidades da maioria e n\u00e3o da minoria, foi decidido em reuni\u00e3o interna da Diretoria, que todos os corretores filiados ir\u00e3o pagar a mesma mensalidade de R$ 4,17 por transfer\u00eancia banc\u00e1ria mensal ou ent\u00e3o R$ 53,50 em um \u00fanico boleto anual.<\/p><\/blockquote>\n\n\n\n<p><em><strong>Nenhum corretor \u00e9 obrigado a se afiliar ! Por\u00e9m para ter acesso aos benef\u00edcios do Sindicato \u00e9 necess\u00e1rio estar afiliado.<\/strong><\/em><\/p>\n\n\n\n<p><strong>Efetivando a filia\u00e7\u00e3o com valor simb\u00f3lico o corretor recebe:<\/strong><\/p>\n\n\n\n<ul class=\"wp-block-list\"><li>Acesso a um email personalisado <strong><em>numero.do.creci@credenciado.cim.br<\/em><\/strong> com capacidade para 30 gigas;<\/li><\/ul>\n\n\n\n<ul class=\"wp-block-list\"><li>Login e senha para acessar o<strong> APP de Descontos<\/strong> nas Empresas Cadastradas, cujos benef\u00edcios se estendem a praticamente 70% dos munic\u00edpios de Mato Grosso;<\/li><\/ul>\n\n\n\n<ul class=\"wp-block-list\"><li>Uma proposta de Seguro de Vida individual ou familiar cuja ades\u00e3o <strong>N\u00c3O \u00c9 OBRIGAT\u00d3RIA<\/strong>, que inclui cobertura de <strong>R$ 20.000,00 <\/strong>para morte<strong> + <\/strong> <strong>invalidez permanente<\/strong>, total ou parcial,\u00a0 do corretor\u00a0 <strong>+ <\/strong>servi\u00e7o funeral\u00a0 completo <em>(inclui translado internacional de corpo + todos os paramentos) <\/em>para o corretor de im\u00f3veis e todos os dependentes abrangidos na sua declara\u00e7\u00e3o de imposto de renda + Descontos especiais em quase todas as Redes Nacionais de Farm\u00e1cias para os medicamentos cadastrados.<\/li><\/ul>\n\n\n\n<ul class=\"wp-block-list\"><li>A contrata\u00e7\u00e3o dos beneficios adicionais de SEGURO de VIDA, AUX\u00cdLIO FUNERAL FAMILIAR e AUX\u00cdLIO-SA\u00daDE s\u00f3 pode ser feita com sindicalizados at\u00e9 70 anos completos na data da contrata\u00e7\u00e3o.<\/li><\/ul>\n\n\n\n<ul class=\"wp-block-list\"><li>24 horas ap\u00f3s a quita\u00e7\u00e3o da primeira parcela, do <strong>CLUBE DE BENEFICIOS AMPLIADOS<\/strong> (Parceria com a seguradora MAPFRE) \u00e9 que o Sindicalizado ter\u00e1 d\u00e1 direito a usufruir dos seguintes servi\u00e7os durante <strong>12 MESES ININTERRUPTOS<\/strong> :<\/li><\/ul>\n\n\n\n<p>&nbsp;&nbsp;&nbsp;&nbsp; *<strong>Seguro de Vida<\/strong>* de R$ 20.000,00 pago aos dependentes constantes em seu imposto de renda, em caso de Morte por acidente;<br>&nbsp;&nbsp;&nbsp;&nbsp;<br>&nbsp;&nbsp;&nbsp;&nbsp; *<strong>Seguro de Acidentes Pessoais<\/strong>* de at\u00e9 R$ 20.000,00 pago ao corretor de im\u00f3veis em caso de acidente onde ocorra invalidez total ou parcial.<br>&nbsp;&nbsp;&nbsp;&nbsp;<br>&nbsp;&nbsp;&nbsp;&nbsp; Servi\u00e7o de *<strong>AUX\u00cdLIO-SAUDE<\/strong>* com agendamento de consultas a n\u00edvel nacional com descontos de at\u00e9 70% em consultas e medicamento. O Corretor poder\u00e1 incluir seu c\u00f4njuge, filhos, Pais e Sogros at\u00e9 70 anos como seus Benefici\u00e1rios nos servi\u00e7os odontol\u00f3gicosne hospitalares, incluindo a tele-medicina, que s\u00e3o agendados pelo 0800 exclusivo, com pre\u00e7os diferenciados em rela\u00e7\u00e3o ao mercado atrav\u00e9s de login e senha de cart\u00e3o-sa\u00fade&nbsp; pr\u00e9-pago.<br>&nbsp;&nbsp;&nbsp;&nbsp;<br>&nbsp;&nbsp;&nbsp;&nbsp; Usufruir de *<strong>Descontos Exclusivos nos medicamentos<\/strong>* de receitu\u00e1rio m\u00e9dico nas redes de farm\u00e1cia credenciadas mediante login e senha<br>&nbsp;&nbsp;&nbsp;&nbsp;<br>&nbsp;&nbsp;&nbsp;&nbsp; *<strong>SERVI\u00c7O DE AUX\u00cdLIO FUNERAL COMPLETO<\/strong>,* incluindo esposa e filhos _(menores de 21 anos ou at\u00e9 24 anos desde que estejam cursando ensino superior, Nao h\u00e1 limite de idade para Filhos que sejam deficientes f\u00edsicos e mentais)_ :<\/p>\n\n\n\n<p>\u2022 Caix\u00e3o e transporte at\u00e9 o local de enterro.<br>\u2022 Servi\u00e7o assistencial ao Sindicalizado em viagens acima de 100 km da sua resid\u00eancia registrada na ficha de filia\u00e7\u00e3o<br>\u2022 Registro de \u00f3bito.<br>\u2022 Taxa de sepultamento (valor equivalente \u00e0 taxa cobrada pela Prefeitura do seu Munic\u00edpio).<br>\u2022 Taxa de crema\u00e7\u00e3o (desde que o munic\u00edpio em que voc\u00ea reside ofere\u00e7a o servi\u00e7o).<br>\u2022 Repatriamento do pa\u00eds em que o evento ocorreu at\u00e9 o munic\u00edpio da moradia do(a) Corretor(a) Sindicalizado (a)<br>\u2022 Vel\u00f3rio (valor equivalente \u00e0 taxa cobrada pela Prefeitura do seu Munic\u00edpio).<br>\u00a0 *N\u00c3O INCLUI JAZIGO*<\/p>\n\n\n\n<p><\/p>\n\n\n\n<p><strong>CORRETOR (a) PREENCHA A FICHA DE AFILIACAO SINDICAL COM SUA DATA DE NASCIMENTO E FA\u00c7A PARTE DESTA FAMILIA DE BENEFICIOS<\/strong><br>Seguem valores dos benef\u00edcios por faixa et\u00e1ria <em>(calculados com base em Corretores de Im\u00f3veis nascidos em 01\/01 de cada ano):<\/em><\/p>\n\n\n\n<p>18 anos &#8211; R$ 50,76&nbsp;&nbsp; (a vista)<br>20 anos &#8211; R$ 51,48<br>25 anos &#8211; R$ 53,64<br>30 anos &#8211; R$ 57,36<br>35 anos &#8211; R$ 63,48<br>40 anos &#8211; R$ 73,44&nbsp;&nbsp; (a vista)<br>45 anos &#8211; R$ 98,52&nbsp;&nbsp; (divide 2x)<br>50 anos &#8211; R$ 144,60 (divide 2x)<br>55 anos &#8211; R$ 207,48&nbsp; (divide 4x)<br>60 anos &#8211; R$ 287,40 (divide 6x)<br>65 anos &#8211; R$ 403,68 (divide 6x)<br>70 anos &#8211; R$ 592,32 ( divide 6x)<\/p>\n\n\n\n<p>A op\u00e7\u00e3o de D\u00e9bito em conta reduz ainda mais os valores acima;<\/p>\n\n\n\n<p><strong>Corretor de Im\u00f3veis, FILIE-SE ! Quem est\u00e1 Associado N\u00c3O EST\u00c1 S\u00d3 !<\/strong><\/p>\n\n\n\n<p>Sua Filia\u00e7\u00e3o \u00e9 feita de forma totalmente digital, podendo ser efetivadas a qualquer momento, sem prazo para t\u00e9rmino, bastando preencher a ficha de Filia\u00e7\u00e3o no link :&nbsp;&nbsp;&nbsp;&nbsp;&nbsp;&nbsp;&nbsp;&nbsp;&nbsp;&nbsp;&nbsp; <br><br> <strong><a href=\"https:\/\/form.jotform.com\/203008190762045\">https:\/\/form.jotform.com\/203008190762045<\/a><\/strong><\/p>\n\n\n\n<p>Lembrando que a campanha para o RECENSEAMENTO dos CORRETORES ATIVOS permanece at\u00e9 Dezembro deste ano. <br>O Recenseamento \u00e9 obrigat\u00f3rio apenas para quem n\u00e3o deseja se afiliar. <\/p>\n\n\n\n<p><strong>O ato de afilia\u00e7\u00e3o substitui o preenchimento do RECENSEAMENTO.<\/strong><\/p>\n\n\n\n<p><strong>NOSSO EMAIL:<\/strong>   contato@sindimoveis.cim.br<br>CONHE\u00c7A O SITE     <strong>www.bemneficios.club<\/strong><br><\/p>\n        <div class=\"booster-block booster-reactions-block\">\n            <div class=\"twp-reactions-icons\">\n                \n                <div class=\"twp-reacts-wrap\">\n                    <a react-data=\"be-react-1\" post-id=\"63\" class=\"be-face-icons un-reacted\" href=\"javascript:void(0)\">\n                        <img decoding=\"async\" src=\"https:\/\/sindimoveis.cim.br\/wp-content\/plugins\/booster-extension\/\/assets\/icon\/happy.svg\" alt=\"Happy\">\n                    <\/a>\n                    <div class=\"twp-reaction-title\">\n                        Happy                    <\/div>\n                    <div class=\"twp-count-percent\">\n                                                    <span style=\"display: none;\" class=\"twp-react-count\">0<\/span>\n                        \n                                                <span class=\"twp-react-percent\"><span>0<\/span> %<\/span>\n                                            <\/div>\n                <\/div>\n\n                <div class=\"twp-reacts-wrap\">\n                    <a react-data=\"be-react-2\" post-id=\"63\" class=\"be-face-icons un-reacted\" href=\"javascript:void(0)\">\n                        <img decoding=\"async\" src=\"https:\/\/sindimoveis.cim.br\/wp-content\/plugins\/booster-extension\/\/assets\/icon\/sad.svg\" alt=\"Sad\">\n                    <\/a>\n                    <div class=\"twp-reaction-title\">\n                        Sad                    <\/div>\n                    <div class=\"twp-count-percent\">\n                                                    <span style=\"display: none;\" class=\"twp-react-count\">0<\/span>\n                                                                        <span class=\"twp-react-percent\"><span>0<\/span> %<\/span>\n                                            <\/div>\n                <\/div>\n\n                <div class=\"twp-reacts-wrap\">\n                    <a react-data=\"be-react-3\" post-id=\"63\" class=\"be-face-icons un-reacted\" href=\"javascript:void(0)\">\n                        <img decoding=\"async\" src=\"https:\/\/sindimoveis.cim.br\/wp-content\/plugins\/booster-extension\/\/assets\/icon\/excited.svg\" alt=\"Excited\">\n                    <\/a>\n                    <div class=\"twp-reaction-title\">\n                        Excited                    <\/div>\n                    <div class=\"twp-count-percent\">\n                                                    <span style=\"display: none;\" class=\"twp-react-count\">0<\/span>\n                                                                        <span class=\"twp-react-percent\"><span>0<\/span> %<\/span>\n                                            <\/div>\n                <\/div>\n\n                <div class=\"twp-reacts-wrap\">\n                    <a react-data=\"be-react-6\" post-id=\"63\" class=\"be-face-icons un-reacted\" href=\"javascript:void(0)\">\n                        <img decoding=\"async\" src=\"https:\/\/sindimoveis.cim.br\/wp-content\/plugins\/booster-extension\/\/assets\/icon\/sleepy.svg\" alt=\"Sleepy\">\n                    <\/a>\n                    <div class=\"twp-reaction-title\">\n                        Sleepy                    <\/div>\n                    <div class=\"twp-count-percent\">\n                                                    <span style=\"display: none;\" class=\"twp-react-count\">0<\/span>\n                        \n                                                <span class=\"twp-react-percent\"><span>0<\/span> %<\/span>\n                                            <\/div>\n                <\/div>\n\n                <div class=\"twp-reacts-wrap\">\n                    <a react-data=\"be-react-4\" post-id=\"63\" class=\"be-face-icons un-reacted\" href=\"javascript:void(0)\">\n                        <img decoding=\"async\" src=\"https:\/\/sindimoveis.cim.br\/wp-content\/plugins\/booster-extension\/\/assets\/icon\/angry.svg\" alt=\"Angry\">\n                    <\/a>\n                    <div class=\"twp-reaction-title\">Angry<\/div>\n                    <div class=\"twp-count-percent\">\n                                                    <span style=\"display: none;\" class=\"twp-react-count\">0<\/span>\n                                                                        <span class=\"twp-react-percent\"><span>0<\/span> %<\/span>\n                        \n                    <\/div>\n                <\/div>\n\n                <div class=\"twp-reacts-wrap\">\n                    <a react-data=\"be-react-5\" post-id=\"63\" class=\"be-face-icons un-reacted\" href=\"javascript:void(0)\">\n                        <img decoding=\"async\" src=\"https:\/\/sindimoveis.cim.br\/wp-content\/plugins\/booster-extension\/\/assets\/icon\/surprise.svg\" alt=\"Surprise\">\n                    <\/a>\n                    <div class=\"twp-reaction-title\">Surprise<\/div>\n                    <div class=\"twp-count-percent\">\n                                                    <span style=\"display: none;\" class=\"twp-react-count\">0<\/span>\n                                                                        <span class=\"twp-react-percent\"><span>0<\/span> %<\/span>\n                                            <\/div>\n                <\/div>\n\n            <\/div>\n        <\/div>\n\n    ","protected":false},"excerpt":{"rendered":"<p>Por decis\u00e3o da diretoria do SINDIMOVEIS MT, Sindicato dos Corretores de Im\u00f3veis de Mato Grosso, atrav\u00e9s de reuni\u00e3o virtual, na tarde do dia 27\/10\/2020, ficou estabelecido o valor de R$ 4,16 (quatro reais e dezesseis centavos) por m\u00eas como valor da contribui\u00e7\u00e3o sindical individual, para que o Corretor de Im\u00f3veis possa ter acesso a todos [&hellip;]<\/p>\n","protected":false},"author":1,"featured_media":67,"comment_status":"open","ping_status":"open","sticky":false,"template":"","format":"standard","meta":{"om_disable_all_campaigns":false,"_monsterinsights_skip_tracking":false,"_monsterinsights_sitenote_active":false,"_monsterinsights_sitenote_note":"","_monsterinsights_sitenote_category":0,"footnotes":""},"categories":[4,5],"tags":[],"class_list":["post-63","post","type-post","status-publish","format-standard","has-post-thumbnail","hentry","category-noticias","category-publicacoes-oficiais"],"aioseo_notices":[],"_links":{"self":[{"href":"https:\/\/sindimoveis.cim.br\/index.php\/wp-json\/wp\/v2\/posts\/63","targetHints":{"allow":["GET"]}}],"collection":[{"href":"https:\/\/sindimoveis.cim.br\/index.php\/wp-json\/wp\/v2\/posts"}],"about":[{"href":"https:\/\/sindimoveis.cim.br\/index.php\/wp-json\/wp\/v2\/types\/post"}],"author":[{"embeddable":true,"href":"https:\/\/sindimoveis.cim.br\/index.php\/wp-json\/wp\/v2\/users\/1"}],"replies":[{"embeddable":true,"href":"https:\/\/sindimoveis.cim.br\/index.php\/wp-json\/wp\/v2\/comments?post=63"}],"version-history":[{"count":0,"href":"https:\/\/sindimoveis.cim.br\/index.php\/wp-json\/wp\/v2\/posts\/63\/revisions"}],"wp:featuredmedia":[{"embeddable":true,"href":"https:\/\/sindimoveis.cim.br\/index.php\/wp-json\/"}],"wp:attachment":[{"href":"https:\/\/sindimoveis.cim.br\/index.php\/wp-json\/wp\/v2\/media?parent=63"}],"wp:term":[{"taxonomy":"category","embeddable":true,"href":"https:\/\/sindimoveis.cim.br\/index.php\/wp-json\/wp\/v2\/categories?post=63"},{"taxonomy":"post_tag","embeddable":true,"href":"https:\/\/sindimoveis.cim.br\/index.php\/wp-json\/wp\/v2\/tags?post=63"}],"curies":[{"name":"wp","href":"https:\/\/api.w.org\/{rel}","templated":true}]}}