{"id":477,"date":"2021-11-21T17:20:47","date_gmt":"2021-11-21T21:20:47","guid":{"rendered":"https:\/\/sindimoveis.cim.br\/?p=477"},"modified":"2021-11-21T18:03:37","modified_gmt":"2021-11-21T22:03:37","slug":"nem-por-contreiras-nem-por-benedito-pela-democracia-e-pelo-bom-senso","status":"publish","type":"post","link":"https:\/\/sindimoveis.cim.br\/index.php\/2021\/11\/21\/nem-por-contreiras-nem-por-benedito-pela-democracia-e-pelo-bom-senso\/","title":{"rendered":"Nem por Contreiras, nem por Benedito : pela DEMOCRACIA e pelo BOM SENSO"},"content":{"rendered":"<div class='booster-block booster-read-block'>\n                <div class=\"twp-read-time\">\n                \t<i class=\"booster-icon twp-clock\"><\/i> <span>Read Time:<\/span>3 Minute, 31 Second                <\/div>\n\n            <\/div>\n<p>Dia 07\/07\/2021 os Corretores de im\u00f3veis de todo o Brasil aptos \u00e0 participarem das elei\u00e7\u00f5es do seu Conselho de Classe Estadual manifestaram sua opini\u00e3o pessoal a respeito de qual grupo de pessoas gostaria de ver administrando os destinos pol\u00edticos da Institui\u00e7\u00e3o que personifica a imagem p\u00fablica e fiscaliza o exerc\u00edcio da Profiss\u00e3o de Corretor de Im\u00f3veis nos munic\u00edpios de todo o Estado.   Nestas elei\u00e7\u00f5es o p\u00fablico n\u00e3o vota em quem ser\u00e1 o Presidente ou Diretor Secret\u00e1rio, estes cargos s\u00e3o decididos pelo pr\u00f3prio grupo eleito, agora por aclama\u00e7\u00e3o interna dos 54 membros no momento da posse.<\/p>\n\n\n\n<p>Participar de uma elei\u00e7\u00e3o exige maturidade e \u00e9tica, pois voc\u00ea se disp\u00f5e a acatar a decis\u00e3o da maioria, seja ela qual for, independente se sua opini\u00e3o pessoal for vencida ou eleita.  Durante o calor das elei\u00e7\u00f5es todos t\u00eam a oportunidade de expor seus dem\u00f4nios pessoais, suas insatisfa\u00e7\u00f5es, suas revoltas e preocupa\u00e7\u00f5es no que se transformar\u00e1 o Conselho de Classe ap\u00f3s a posse da chapa eleita.  \u00c9 necess\u00e1ria muita maturidade pol\u00edtica para aceitar que tudo na vida tem um tempo certo para acabar e que as oportunidades de contribui\u00e7\u00e3o devem ser iguais para todos.<\/p>\n\n\n\n<p>O Grupo do saudoso Ruy Pinheiro permaneceu na Gest\u00e3o do CRECI por mais de tr\u00eas d\u00e9cadas, e foi derrotado pela ent\u00e3o \u00e1 \u00e9poca chapa do Prof. Benedito sob a alega\u00e7\u00e3o de que <em>ningu\u00e9m deve permanecer no comando do CRECI por muito tempo.<\/em>  Por ironia, essa mesma bandeira serviu agora para derrotar sua pr\u00f3pria chapa que, se fosse vitoriosa, permaneceria por quase dez anos no comando da Institui\u00e7\u00e3o.<\/p>\n\n\n\n<p>Eu, enquanto pessoa f\u00edsica e corretor de im\u00f3veis, votei nestas elei\u00e7\u00f5es e meu voto pessoal foi contr\u00e1rio \u00e0 posse do Sr. Contreiras como Presidente, por entender que ele j\u00e1 deu sua contribui\u00e7\u00e3o como Secret\u00e1rio Geral e Vice-Presidente da Institui\u00e7\u00e3o nos dois mandatos consecutivos que assumiu ao lado do Prof. Benedito. Tamb\u00e9m tive outros argumentos para tentar defender o CRECI de uma prov\u00e1vel gest\u00e3o sua.    Por outro lado, ver Benedito presidente do CRECI NOVAMENTE tamb\u00e9m n\u00e3o me agradava pois fiz parte da chapa da primeira gest\u00e3o e para mim soaria hip\u00f3crita demais votar pela perpetua\u00e7\u00e3o sendo que lutamos e fomos eleitos contra esta id\u00e9ia, porisso votei em BARCELLOS na esperan\u00e7a de que ele fosse aclamado como Diretor Secret\u00e1rio pela chapa na qual Prof. Benedito era membro.    Se as elei\u00e7\u00f5es fossem HOJE, e Contreiras permanecesse em qualquer chapa, <strong>NOVAMENTE N\u00c3O VOTARIA<\/strong> na chapa em que ele estivesse, mas se ele fosse ELEITO NOVAMENTE, ent\u00e3o NOVAMENTE eu <strong>DEFENDERIA A DEMORACIA,<\/strong> mesmo que significasse a posse da CHAPA \u00e0 qual ele faz parte.  <em>O que se passa nas elei\u00e7\u00f5es deve ficar nas elei\u00e7\u00f5es, o que importa agora \u00e9 defender os interesses do Conselho de Classe enquanto Institui\u00e7\u00e3o e n\u00e3o os interesses pessoais de quem quer que seja.<\/em><\/p>\n\n\n\n<p><strong>Passados quase 5 meses das elei\u00e7\u00f5es,<\/strong> vemos repetir na chapa do Prof. Benedito a mesma atitude de Ruy Pinheiro \u00e0 \u00e9poca da sua derrota:  <em>fazer guerra de liminares judiciais para manter-se no poder, mesmo sabendo que a maioria da categoria votou por sua sa\u00edda.  <\/em><\/p>\n\n\n\n<p>Ruy Pinheiro foi o melhor presidente que o CRECI de Mato Grosso j\u00e1 teve em toda a sua hist\u00f3ria, desde sua funda\u00e7\u00e3o at\u00e9 a data de hoje: <em>seus feitos ainda n\u00e3o foram superados e mesmo assim ele foi derrotado nas elei\u00e7\u00f5es sob a bandeira da necessidade de renova\u00e7\u00e3o da gest\u00e3o da Institui\u00e7\u00e3o.<\/em><\/p>\n\n\n\n<p>O SINDICATO dos CORRETORES de IM\u00d3VEIS de MATO GROSSO \u00e9 a inst\u00e2ncia que tem a obriga\u00e7\u00e3o de of\u00edcio de defender a categoria, seus princ\u00edpios basilares e a decis\u00e3o da maioria soberana em ato democr\u00e1tico.  Porisso n\u00e3o podemos permanecer inertes quando vemos a Democracia ser atacada dentro de nossa pr\u00f3pria casa.  <strong>Nossa opini\u00e3o, enquanto SINDICATO \u00e9 a de que a Chapa eleita tenha bom senso e opte por aclamar entre seus diplomados um PRESIDENTE \u00e0 ALTURA do Cargo. Mas essa decis\u00e3o deve ser DA CHAPA ELEITA e n\u00e3o de quem PERDEU AS ELEI\u00c7\u00d5ES.<\/strong><\/p>\n\n\n\n<p>\u00c9 claro que queremos proteger o CRECI de quem j\u00e1 demonstrou n\u00e3o ter condi\u00e7\u00f5es de presidi-lo, mas hoje, diante da insist\u00eancia em n\u00e3o respeitar a pr\u00f3pria hist\u00f3ria da Institui\u00e7\u00e3o e a decis\u00e3o da maioria da categoria, devemos proteger o CRECI  MT de quem n\u00e3o quer larg\u00e1-lo, sabe-se l\u00e1 o porqu\u00ea.<\/p>\n        <div class=\"booster-block booster-reactions-block\">\n            <div class=\"twp-reactions-icons\">\n                \n                <div class=\"twp-reacts-wrap\">\n                    <a react-data=\"be-react-1\" post-id=\"477\" class=\"be-face-icons un-reacted\" href=\"javascript:void(0)\">\n                        <img decoding=\"async\" src=\"https:\/\/sindimoveis.cim.br\/wp-content\/plugins\/booster-extension\/\/assets\/icon\/happy.svg\" alt=\"Happy\">\n                    <\/a>\n                    <div class=\"twp-reaction-title\">\n                        Happy                    <\/div>\n                    <div class=\"twp-count-percent\">\n                                                    <span style=\"display: none;\" class=\"twp-react-count\">0<\/span>\n                        \n                                                <span class=\"twp-react-percent\"><span>0<\/span> %<\/span>\n                                            <\/div>\n                <\/div>\n\n                <div class=\"twp-reacts-wrap\">\n                    <a react-data=\"be-react-2\" post-id=\"477\" class=\"be-face-icons un-reacted\" href=\"javascript:void(0)\">\n                        <img decoding=\"async\" src=\"https:\/\/sindimoveis.cim.br\/wp-content\/plugins\/booster-extension\/\/assets\/icon\/sad.svg\" alt=\"Sad\">\n                    <\/a>\n                    <div class=\"twp-reaction-title\">\n                        Sad                    <\/div>\n                    <div class=\"twp-count-percent\">\n                                                    <span style=\"display: none;\" class=\"twp-react-count\">0<\/span>\n                                                                        <span class=\"twp-react-percent\"><span>0<\/span> %<\/span>\n                                            <\/div>\n                <\/div>\n\n                <div class=\"twp-reacts-wrap\">\n                    <a react-data=\"be-react-3\" post-id=\"477\" class=\"be-face-icons un-reacted\" href=\"javascript:void(0)\">\n                        <img decoding=\"async\" src=\"https:\/\/sindimoveis.cim.br\/wp-content\/plugins\/booster-extension\/\/assets\/icon\/excited.svg\" alt=\"Excited\">\n                    <\/a>\n                    <div class=\"twp-reaction-title\">\n                        Excited                    <\/div>\n                    <div class=\"twp-count-percent\">\n                                                    <span style=\"display: none;\" class=\"twp-react-count\">0<\/span>\n                                                                        <span class=\"twp-react-percent\"><span>0<\/span> %<\/span>\n                                            <\/div>\n                <\/div>\n\n                <div class=\"twp-reacts-wrap\">\n                    <a react-data=\"be-react-6\" post-id=\"477\" class=\"be-face-icons un-reacted\" href=\"javascript:void(0)\">\n                        <img decoding=\"async\" src=\"https:\/\/sindimoveis.cim.br\/wp-content\/plugins\/booster-extension\/\/assets\/icon\/sleepy.svg\" alt=\"Sleepy\">\n                    <\/a>\n                    <div class=\"twp-reaction-title\">\n                        Sleepy                    <\/div>\n                    <div class=\"twp-count-percent\">\n                                                    <span style=\"display: none;\" class=\"twp-react-count\">0<\/span>\n                        \n                                                <span class=\"twp-react-percent\"><span>0<\/span> %<\/span>\n                                            <\/div>\n                <\/div>\n\n                <div class=\"twp-reacts-wrap\">\n                    <a react-data=\"be-react-4\" post-id=\"477\" class=\"be-face-icons un-reacted\" href=\"javascript:void(0)\">\n                        <img decoding=\"async\" src=\"https:\/\/sindimoveis.cim.br\/wp-content\/plugins\/booster-extension\/\/assets\/icon\/angry.svg\" alt=\"Angry\">\n                    <\/a>\n                    <div class=\"twp-reaction-title\">Angry<\/div>\n                    <div class=\"twp-count-percent\">\n                                                    <span style=\"display: none;\" class=\"twp-react-count\">0<\/span>\n                                                                        <span class=\"twp-react-percent\"><span>0<\/span> %<\/span>\n                        \n                    <\/div>\n                <\/div>\n\n                <div class=\"twp-reacts-wrap\">\n                    <a react-data=\"be-react-5\" post-id=\"477\" class=\"be-face-icons un-reacted\" href=\"javascript:void(0)\">\n                        <img decoding=\"async\" src=\"https:\/\/sindimoveis.cim.br\/wp-content\/plugins\/booster-extension\/\/assets\/icon\/surprise.svg\" alt=\"Surprise\">\n                    <\/a>\n                    <div class=\"twp-reaction-title\">Surprise<\/div>\n                    <div class=\"twp-count-percent\">\n                                                    <span style=\"display: none;\" class=\"twp-react-count\">0<\/span>\n                                                                        <span class=\"twp-react-percent\"><span>0<\/span> %<\/span>\n                                            <\/div>\n                <\/div>\n\n            <\/div>\n        <\/div>\n\n    ","protected":false},"excerpt":{"rendered":"<p>Dia 07\/07\/2021 os Corretores de im\u00f3veis de todo o Brasil aptos \u00e0 participarem das elei\u00e7\u00f5es do seu Conselho de Classe Estadual manifestaram sua opini\u00e3o pessoal a respeito de qual grupo de pessoas gostaria de ver administrando os destinos pol\u00edticos da Institui\u00e7\u00e3o que personifica a imagem p\u00fablica e fiscaliza o exerc\u00edcio da Profiss\u00e3o de Corretor de [&hellip;]<\/p>\n","protected":false},"author":1,"featured_media":0,"comment_status":"open","ping_status":"open","sticky":false,"template":"","format":"standard","meta":{"om_disable_all_campaigns":false,"_monsterinsights_skip_tracking":false,"_monsterinsights_sitenote_active":false,"_monsterinsights_sitenote_note":"","_monsterinsights_sitenote_category":0,"footnotes":""},"categories":[4],"tags":[],"class_list":["post-477","post","type-post","status-publish","format-standard","hentry","category-noticias"],"aioseo_notices":[],"_links":{"self":[{"href":"https:\/\/sindimoveis.cim.br\/index.php\/wp-json\/wp\/v2\/posts\/477","targetHints":{"allow":["GET"]}}],"collection":[{"href":"https:\/\/sindimoveis.cim.br\/index.php\/wp-json\/wp\/v2\/posts"}],"about":[{"href":"https:\/\/sindimoveis.cim.br\/index.php\/wp-json\/wp\/v2\/types\/post"}],"author":[{"embeddable":true,"href":"https:\/\/sindimoveis.cim.br\/index.php\/wp-json\/wp\/v2\/users\/1"}],"replies":[{"embeddable":true,"href":"https:\/\/sindimoveis.cim.br\/index.php\/wp-json\/wp\/v2\/comments?post=477"}],"version-history":[{"count":8,"href":"https:\/\/sindimoveis.cim.br\/index.php\/wp-json\/wp\/v2\/posts\/477\/revisions"}],"predecessor-version":[{"id":489,"href":"https:\/\/sindimoveis.cim.br\/index.php\/wp-json\/wp\/v2\/posts\/477\/revisions\/489"}],"wp:attachment":[{"href":"https:\/\/sindimoveis.cim.br\/index.php\/wp-json\/wp\/v2\/media?parent=477"}],"wp:term":[{"taxonomy":"category","embeddable":true,"href":"https:\/\/sindimoveis.cim.br\/index.php\/wp-json\/wp\/v2\/categories?post=477"},{"taxonomy":"post_tag","embeddable":true,"href":"https:\/\/sindimoveis.cim.br\/index.php\/wp-json\/wp\/v2\/tags?post=477"}],"curies":[{"name":"wp","href":"https:\/\/api.w.org\/{rel}","templated":true}]}}