{"id":426,"date":"2021-07-04T11:05:19","date_gmt":"2021-07-04T15:05:19","guid":{"rendered":"https:\/\/sindimoveis.cim.br\/?p=426"},"modified":"2021-07-04T11:37:48","modified_gmt":"2021-07-04T15:37:48","slug":"benedito-x-contreiras-duas-chapas-disputam-a-continuidade-de-gestao-no-creci-de-mt","status":"publish","type":"post","link":"https:\/\/sindimoveis.cim.br\/index.php\/2021\/07\/04\/benedito-x-contreiras-duas-chapas-disputam-a-continuidade-de-gestao-no-creci-de-mt\/","title":{"rendered":"BENEDITO x CONTREIRAS disputam a GEST\u00c3O no CRECI de MT"},"content":{"rendered":"<div class='booster-block booster-read-block'>\n                <div class=\"twp-read-time\">\n                \t<i class=\"booster-icon twp-clock\"><\/i> <span>Read Time:<\/span>5 Minute, 30 Second                <\/div>\n\n            <\/div>\n<p>Dia 07\/07 todos os Corretores de Im\u00f3veis do Estado de Mato Grosso, sem nenhuma excess\u00e3o, est\u00e3o obrigados a votarem no processo eleitoral que definir\u00e1 Presidente e Conselheiros para a pr\u00f3xima Gest\u00e3o do Conselho de Classe, que se renova a cada tr\u00eas anos.<\/p>\n\n\n\n<p>O Conselho de Classe \u00e9 apenas a Pol\u00edcia do Mercado Imobili\u00e1rio. A equipe de Conselheiros e Presidente eleita para administrar a autarquia tem a obriga\u00e7\u00e3o de <strong>COBRAR AS ANUIDADES DEFINIDAS PELO COFECI<\/strong> <em>(o Presidente do CRECI n\u00e3o tem nenhum poder de abaixar ou aumentar a anuidade do Corretor)<\/em>, de <strong>REALIZAR as AGENDAS DE FISCALIZA\u00c7\u00c3O<\/strong> para coibir o exerc\u00edcio ilegal da profiss\u00e3o dentro dos seus limites territoriais,\u00a0 e <strong>ACATAR os PROTOCOLOS <\/strong>de Corretores e da Sociedade Civil nos assuntos relativos \u00e0 \u00e9tica e \u00e0 legalidade do Exerc\u00edcio da Profiss\u00e3o de Corretor de Im\u00f3veis exercida por Pessoas F\u00edsicas e Jur\u00eddicas.\u00a0<\/p>\n\n\n\n<p><strong>O que fugir disso N\u00c3O \u00c9 ATRIBUI\u00c7\u00c3O DO CRECI<\/strong> e quem prometer mudar quest\u00f5es fora das atribui\u00e7\u00f5es do Cargo a que est\u00e1 concorrendo <strong>est\u00e1 ENGANANDO<\/strong> o Corretor com o objetivo apenas de conquistar o voto.<\/p>\n\n\n\n<p><\/p>\n\n\n\n<p><strong>N\u00c3O H\u00c1 OPOSI\u00c7\u00c3O NESTAS ELEI\u00c7\u00d5ES EM MT<\/strong> : Ap\u00f3s a gest\u00e3o de Ruy Pinheiro, que ergueu o Conselho de Classe que conhecemos hoje, permanecem de forma cont\u00ednua e ininterrupta nos mais altos cargos Pol\u00edticos e Administrativos do CRECI tanto <strong>BENEDITO OD\u00c1RIO<\/strong> quanto <strong>CLAUDECIR CONTREIRAS<\/strong>, ambos oficialmente dividindo em condi\u00e7\u00f5es iguais o poder da Institui\u00e7\u00e3o em MT.<\/p>\n\n\n\n<p>A Autarquia CRECI, em todo o Brasil, \u00e9 formada por um modelo de gest\u00e3o bi-partite, onde existe a representa\u00e7\u00e3o pol\u00edtica da entidade exercida pelo <strong>PRESIDENTE <\/strong><em>( com os poderes de representa\u00e7\u00e3o p\u00fablica, de classifica\u00e7\u00e3o das informa\u00e7\u00f5es internas como P\u00fablica\/Confidencial\/Secreta\/ou UltraSecreta e, dentre outros, de assinar o maior ato pol\u00edtico da categoria, que \u00e9 o de poder aceitar ou rejeitar a inscri\u00e7\u00e3o de novos corretores, independente de terem ou n\u00e3o feito o curso de TTI, chancelando a opini\u00e3o da plen\u00e1ria na entrega de carteiras) <\/em>e pelo <strong>DIRETOR-SECRET\u00c1RIO<\/strong> <em>( exercendo a atribui\u00e7\u00e3o de Gestor de todos os procedimentos Administrativos da entidade e \u00e0 quem est\u00e3o subordinados todo o corpo fiscal e de apoio de gest\u00e3o da entidade).\u00a0<\/em><\/p>\n\n\n\n<p><strong>No CRECI \u00e9 o PRESIDENTE quem assina com o DIRETOR SECRET\u00c1RIO<\/strong> as Carteiras de todos os Corretores de Im\u00f3veis, dando-lhes a autoriza\u00e7\u00e3o para o exerc\u00edcio da profiss\u00e3o.\u00a0 Observe o tamanho do PODER de decis\u00e3o do Diretor Secret\u00e1rio sobre os atos da entidade, que n\u00e3o \u00e9 ele quem assim com o Presidente, mas sim \u00e9 o Presidente quem assina com ele os atos e a gest\u00e3o\u00a0interna da entidade.<\/p>\n\n\n\n<p>Dessa forma n\u00e3o h\u00e1 como falar em OPOSI\u00c7\u00c3O nestas elei\u00e7\u00f5es, pois Benedito Od\u00e1rio pleiteia, atrav\u00e9s da CHAPA 1 permanecer por mais 3 anos na presid\u00eancia da entidade e CLAUDECIR CONTREIRAS, atrav\u00e9s da CHAPA 2 quer tamb\u00e9m permanecer na gest\u00e3o e representatividade da entidade, pois j\u00e1 foi o Todo-Poderoso DIRETOR SECRET\u00c1RIO do Creci nos 3 primeiros anos e por \u00faltimo, na atual gest\u00e3o \u00e9 o VICE-PRESDENTE da entidade, tendo ocupado at\u00e9 bem recentemente o cargo de Assessor Parlamentar &nbsp;perante o COFECI,&nbsp; exercendo tamb\u00e9m em Bras\u00edlia o poder de representa\u00e7\u00e3o p\u00fablica da entidade.<\/p>\n\n\n\n<p><\/p>\n\n\n\n<p><strong>PROPOSTAS DAS DUAS CHAPAS<\/strong>  :  As propostas das duas chapas s\u00e3o praticamente iguais. N\u00e3o h\u00e1 novidades consider\u00e1veis nem de um lado nem de outro.&nbsp; Ambos prometem abrir sedes no interior do estado, no entanto os terrenos das sedes j\u00e1 estavam anteriormente prometidos para o CRECI, ent\u00e3o quem continuar na gest\u00e3o s\u00f3 ir\u00e1 construir em cima dos terreno j\u00e1 conquistados.<\/p>\n\n\n\n<p>Ambas as chapas prometem a implementa\u00e7\u00e3o do servi\u00e7o de Ouvidoria, o que \u00e9 uma obriga\u00e7\u00e3o de todas as Autarquias realizarem em cumprimento ao Termo de Acordo celebrado entre o COFECI e a CGU.<\/p>\n\n\n\n<p>No desespero de conquistar votos h\u00e1 quem esteja prometendo rediscutir a lei federal que rege a profiss\u00e3o de corretor de im\u00f3veis e tamb\u00e9m diminuir o valor das anuidades do CRECI, o que \u00e9 uma PROMESSA, no m\u00ednimo estranha, pois <strong>caso seja eleito o candidato PROMETEDOR n\u00e3o ter\u00e1 NENHUM PODER para isso<\/strong> !\u00a0<\/p>\n\n\n\n<p><\/p>\n\n\n\n<p><strong>QUEM DISPUTA SEU VOTO, DIA 07\/07 PARA A PERMEN\u00caNCIA NO PODER<\/strong> :<\/p>\n\n\n\n<ul class=\"wp-block-list\"><li>CHAPA 1 &#8211; <strong>BENEDITO OD\u00c1RIO atual presidente<\/strong>, que j\u00e1 foi Conselheiro do CRECI durante a era-de-ouro do Conselho e agora ocupa o cargo de atual PRESIDENTE da entidade quer permanecer no cargo por mais um mandato.<\/li><\/ul>\n\n\n\n<ul class=\"wp-block-list\"><li>CHAPA 2 &#8211; <strong>CLAUDECIR CONTREIRAS<\/strong>, atual vice-presidente, que j\u00e1 percorreu os cargos de Diretor-Secret\u00e1rio na gest\u00e3o anterior, Coordenador da Fiscaliza\u00e7\u00e3o <em>(respons\u00e1vel por coordenar os trabalhos de todos os fiscais do CRECI) e <\/em> tamb\u00e9m quer o seu voto para permanecer no cargo tamb\u00e9m por mais um mandato por\u00e9m ocupando o cargo de PRESIDENTE.<\/li><\/ul>\n\n\n\n<p><\/p>\n\n\n\n<p><strong>NOVIDADES NESTE PROCESSO ELEITORAL<\/strong> :  Apesar de s\u00f3 haver propostas de continuidade de gest\u00e3o e trocas de membros entre as duas chapas, temos neste pleito a presen\u00e7a de Fernando Barcellos, que se apresenta para compor a gest\u00e3o de uma das Chapas no cargo de Diretor Secret\u00e1rio.\u00a0<strong> Luiz Fenando Pinto Barcellos<\/strong> \u00e9 um dos fundadores do <strong>CNAI (Cadastro Nacional de Avalidores Imobili\u00e1rios)<\/strong>, foi Presidente da maior entidade internacional de representa\u00e7\u00e3o de integra\u00e7\u00e3o de corretores de im\u00f3veis do Brasil nos EUA e Europa, a <strong>CILA<\/strong>, e participa atualmente do COFECI na defini\u00e7\u00e3o das Normas que regem a avalia\u00e7\u00e3o de im\u00f3veis judicial, banc\u00e1ria e Comercial no Brasil.\u00a0 Tamb\u00e9m \u00e9 Barcellos quem est\u00e1 compondo a bancada de interlocu\u00e7\u00e3o com a <strong>ABNT<\/strong> (Associa\u00e7\u00e3o Brasileira de Normas T\u00e9cnicas) para a possibilidade da cria\u00e7\u00e3o de uma Norma Espec\u00edfica para a avalia\u00e7\u00e3o imobili\u00e1ria do valor de mercado de im\u00f3veis, PTAM.<\/p>\n\n\n\n<p><\/p>\n\n\n\n<p><strong>COMO VOTAR<\/strong> :  O SINDIMOVEIS MT alerta a que TODOS VOTEM neste dia <strong>07\/07<\/strong>, independente da IDADE, pois a falta no voto implica em multa de uma anuidade.<\/p>\n\n\n\n<p><br>Para Votar voc\u00ea deve realizar seu RECADASTRAMENTO baixando o app I-CORRETOR do COFECI ou do CRECI de MT.<br>No rodap\u00e9 desta mat\u00e9ria disponibilizamos v\u00eddeos e material explicativo para que voc\u00ea possa, ainda HOJE, receber em seu email sua SENHA DE VOTA\u00c7\u00c3O, que ser\u00e1 enviada pelo COFECI.<\/p>\n\n\n\n<p><br><strong>Seu voto ser\u00e1 DADO EM SEU CELULAR<\/strong> .Neste ano n\u00e3o haver\u00e3o locais de vota\u00e7\u00e3o al\u00e9m da sua casa ou e onde voc\u00ea estiver com o seu celular.\u00a0 Ningu\u00e9m que more em munic\u00edpios mais afastados da capital poder\u00e1 alegar distancia da urna para n\u00e3o votar.<\/p>\n\n\n\n<p>Cabe ao CRECI de cada estado orientar o Correto sobre os procedimentos para obter sua senha, por\u00e9m TODA a Gest\u00e3o e Operacionaliza\u00e7\u00e3o do PROCESSO ELEITORAL, que ocorre eletronicamente, \u00e9 de CONTROLE TOTAL e EXCLUSIVO do COFECI, de Brasilia.<\/p>\n\n\n\n<p><strong>Neste ano 100% dos corretores de im\u00f3veis de mato grosso s\u00e3o OBRIGADOS a VOTA, sob pena de multa de uma anuidade.<\/strong>  Tem d\u00favidas ?  N\u00e3o recebeu sua senha do COFECI para a vota\u00e7\u00e3o ?  Assista ao v\u00eddeo a seguir:<\/p>\n\n\n\n<figure class=\"wp-block-embed is-type-video is-provider-youtube wp-block-embed-youtube wp-embed-aspect-16-9 wp-has-aspect-ratio\"><div class=\"wp-block-embed__wrapper\">\n<iframe loading=\"lazy\" title=\"ELEI\u00c7\u00d5ES 2021. SISTEMA COFECI - CRECI\" width=\"1140\" height=\"641\" src=\"https:\/\/www.youtube.com\/embed\/eDwaHv-0uOI?feature=oembed\" frameborder=\"0\" allow=\"accelerometer; autoplay; clipboard-write; encrypted-media; gyroscope; picture-in-picture\" allowfullscreen><\/iframe>\n<\/div><\/figure>\n        <div class=\"booster-block booster-reactions-block\">\n            <div class=\"twp-reactions-icons\">\n                \n                <div class=\"twp-reacts-wrap\">\n                    <a react-data=\"be-react-1\" post-id=\"426\" class=\"be-face-icons un-reacted\" href=\"javascript:void(0)\">\n                        <img decoding=\"async\" src=\"https:\/\/sindimoveis.cim.br\/wp-content\/plugins\/booster-extension\/\/assets\/icon\/happy.svg\" alt=\"Happy\">\n                    <\/a>\n                    <div class=\"twp-reaction-title\">\n                        Happy                    <\/div>\n                    <div class=\"twp-count-percent\">\n                                                    <span style=\"display: none;\" class=\"twp-react-count\">0<\/span>\n                        \n                                                <span class=\"twp-react-percent\"><span>0<\/span> %<\/span>\n                                            <\/div>\n                <\/div>\n\n                <div class=\"twp-reacts-wrap\">\n                    <a react-data=\"be-react-2\" post-id=\"426\" class=\"be-face-icons un-reacted\" href=\"javascript:void(0)\">\n                        <img decoding=\"async\" src=\"https:\/\/sindimoveis.cim.br\/wp-content\/plugins\/booster-extension\/\/assets\/icon\/sad.svg\" alt=\"Sad\">\n                    <\/a>\n                    <div class=\"twp-reaction-title\">\n                        Sad                    <\/div>\n                    <div class=\"twp-count-percent\">\n                                                    <span style=\"display: none;\" class=\"twp-react-count\">0<\/span>\n                                                                        <span class=\"twp-react-percent\"><span>0<\/span> %<\/span>\n                                            <\/div>\n                <\/div>\n\n                <div class=\"twp-reacts-wrap\">\n                    <a react-data=\"be-react-3\" post-id=\"426\" class=\"be-face-icons un-reacted\" href=\"javascript:void(0)\">\n                        <img decoding=\"async\" src=\"https:\/\/sindimoveis.cim.br\/wp-content\/plugins\/booster-extension\/\/assets\/icon\/excited.svg\" alt=\"Excited\">\n                    <\/a>\n                    <div class=\"twp-reaction-title\">\n                        Excited                    <\/div>\n                    <div class=\"twp-count-percent\">\n                                                    <span style=\"display: none;\" class=\"twp-react-count\">0<\/span>\n                                                                        <span class=\"twp-react-percent\"><span>0<\/span> %<\/span>\n                                            <\/div>\n                <\/div>\n\n                <div class=\"twp-reacts-wrap\">\n                    <a react-data=\"be-react-6\" post-id=\"426\" class=\"be-face-icons un-reacted\" href=\"javascript:void(0)\">\n                        <img decoding=\"async\" src=\"https:\/\/sindimoveis.cim.br\/wp-content\/plugins\/booster-extension\/\/assets\/icon\/sleepy.svg\" alt=\"Sleepy\">\n                    <\/a>\n                    <div class=\"twp-reaction-title\">\n                        Sleepy                    <\/div>\n                    <div class=\"twp-count-percent\">\n                                                    <span style=\"display: none;\" class=\"twp-react-count\">0<\/span>\n                        \n                                                <span class=\"twp-react-percent\"><span>0<\/span> %<\/span>\n                                            <\/div>\n                <\/div>\n\n                <div class=\"twp-reacts-wrap\">\n                    <a react-data=\"be-react-4\" post-id=\"426\" class=\"be-face-icons un-reacted\" href=\"javascript:void(0)\">\n                        <img decoding=\"async\" src=\"https:\/\/sindimoveis.cim.br\/wp-content\/plugins\/booster-extension\/\/assets\/icon\/angry.svg\" alt=\"Angry\">\n                    <\/a>\n                    <div class=\"twp-reaction-title\">Angry<\/div>\n                    <div class=\"twp-count-percent\">\n                                                    <span style=\"display: none;\" class=\"twp-react-count\">0<\/span>\n                                                                        <span class=\"twp-react-percent\"><span>0<\/span> %<\/span>\n                        \n                    <\/div>\n                <\/div>\n\n                <div class=\"twp-reacts-wrap\">\n                    <a react-data=\"be-react-5\" post-id=\"426\" class=\"be-face-icons un-reacted\" href=\"javascript:void(0)\">\n                        <img decoding=\"async\" src=\"https:\/\/sindimoveis.cim.br\/wp-content\/plugins\/booster-extension\/\/assets\/icon\/surprise.svg\" alt=\"Surprise\">\n                    <\/a>\n                    <div class=\"twp-reaction-title\">Surprise<\/div>\n                    <div class=\"twp-count-percent\">\n                                                    <span style=\"display: none;\" class=\"twp-react-count\">0<\/span>\n                                                                        <span class=\"twp-react-percent\"><span>0<\/span> %<\/span>\n                                            <\/div>\n                <\/div>\n\n            <\/div>\n        <\/div>\n\n    ","protected":false},"excerpt":{"rendered":"<p>Dia 07\/07 todos os Corretores de Im\u00f3veis do Estado de Mato Grosso, sem nenhuma excess\u00e3o, est\u00e3o obrigados a votarem no processo eleitoral que definir\u00e1 Presidente e Conselheiros para a pr\u00f3xima Gest\u00e3o do Conselho de Classe, que se renova a cada tr\u00eas anos. O Conselho de Classe \u00e9 apenas a Pol\u00edcia do Mercado Imobili\u00e1rio. A equipe [&hellip;]<\/p>\n","protected":false},"author":1,"featured_media":435,"comment_status":"open","ping_status":"open","sticky":true,"template":"","format":"standard","meta":{"om_disable_all_campaigns":false,"_monsterinsights_skip_tracking":false,"_monsterinsights_sitenote_active":false,"_monsterinsights_sitenote_note":"","_monsterinsights_sitenote_category":0,"footnotes":""},"categories":[4],"tags":[],"class_list":["post-426","post","type-post","status-publish","format-standard","has-post-thumbnail","hentry","category-noticias"],"aioseo_notices":[],"_links":{"self":[{"href":"https:\/\/sindimoveis.cim.br\/index.php\/wp-json\/wp\/v2\/posts\/426","targetHints":{"allow":["GET"]}}],"collection":[{"href":"https:\/\/sindimoveis.cim.br\/index.php\/wp-json\/wp\/v2\/posts"}],"about":[{"href":"https:\/\/sindimoveis.cim.br\/index.php\/wp-json\/wp\/v2\/types\/post"}],"author":[{"embeddable":true,"href":"https:\/\/sindimoveis.cim.br\/index.php\/wp-json\/wp\/v2\/users\/1"}],"replies":[{"embeddable":true,"href":"https:\/\/sindimoveis.cim.br\/index.php\/wp-json\/wp\/v2\/comments?post=426"}],"version-history":[{"count":9,"href":"https:\/\/sindimoveis.cim.br\/index.php\/wp-json\/wp\/v2\/posts\/426\/revisions"}],"predecessor-version":[{"id":443,"href":"https:\/\/sindimoveis.cim.br\/index.php\/wp-json\/wp\/v2\/posts\/426\/revisions\/443"}],"wp:featuredmedia":[{"embeddable":true,"href":"https:\/\/sindimoveis.cim.br\/index.php\/wp-json\/wp\/v2\/media\/435"}],"wp:attachment":[{"href":"https:\/\/sindimoveis.cim.br\/index.php\/wp-json\/wp\/v2\/media?parent=426"}],"wp:term":[{"taxonomy":"category","embeddable":true,"href":"https:\/\/sindimoveis.cim.br\/index.php\/wp-json\/wp\/v2\/categories?post=426"},{"taxonomy":"post_tag","embeddable":true,"href":"https:\/\/sindimoveis.cim.br\/index.php\/wp-json\/wp\/v2\/tags?post=426"}],"curies":[{"name":"wp","href":"https:\/\/api.w.org\/{rel}","templated":true}]}}