{"id":421,"date":"2021-05-17T19:56:12","date_gmt":"2021-05-17T23:56:12","guid":{"rendered":"http:\/\/sindimoveis.cim.br\/?p=421"},"modified":"2021-05-17T19:56:12","modified_gmt":"2021-05-17T23:56:12","slug":"sindimoveis-viabiliza-certificacao-a-lgpd-para-corretores-e-imobiliarias-de-todo-o-brasil","status":"publish","type":"post","link":"https:\/\/sindimoveis.cim.br\/index.php\/2021\/05\/17\/sindimoveis-viabiliza-certificacao-a-lgpd-para-corretores-e-imobiliarias-de-todo-o-brasil\/","title":{"rendered":"SINDIM\u00d3VEIS viabiliza Certifica\u00e7\u00e3o \u00e0 LGPD para CORRETORES e IMOBILI\u00c1RIAS de TODO O BRASIL"},"content":{"rendered":"<div class='booster-block booster-read-block'>\n                <div class=\"twp-read-time\">\n                \t<i class=\"booster-icon twp-clock\"><\/i> <span>Read Time:<\/span>2 Minute, 59 Second                <\/div>\n\n            <\/div>\n<p>Considerando que em agosto deste ano j\u00e1 finaliza o prazo de adequa\u00e7\u00e3o \u00e0 Lei Geral de Prote\u00e7\u00e3o de Dados sem que isso gere multas pelos deslizes das Imobili\u00e1rias e dos Corretores de Im\u00f3veis Aut\u00f4nomos na forma como tratam os dados de seus clientes prim\u00e1rios, parceiros comerciais, fornecedores, clientes finais e demais stakeholders de seu modelo e ambiente de neg\u00f3cios, e preocupados com a necessidade de comprovar a certifica\u00e7\u00e3o de adequa\u00e7\u00e3o da lei, o <strong>SINDIM\u00d3VEIS <\/strong> celebrou conv\u00eanio com a Consultoria EMBRASI, de S\u00e3o Paulo, para a adequa\u00e7\u00e3o de sua plataforma de Atendimento Remoto e Intelig\u00eancia Artificial ao modelo de neg\u00f3cios imobili\u00e1rios brasileiro.<\/p>\n\n\n\n<p>A Empresa Brasileira de Seguran\u00e7a da Informa\u00e7\u00e3o que atua j\u00e1 h\u00e1 mais de uma d\u00e9cada com servi\u00e7os de apoio \u00e0 seguran\u00e7a da tecnologia da informa\u00e7\u00e3o, atendendo a clientes como DANONE, PETROBR\u00c1S, Prefeitura de S\u00e3o Paulo e Banco Ita\u00fa topou o desafio de incluir o Mercado Imobili\u00e1rio em seu segmento de atendimento, adequando sua ferramenta de acesso remoto para oferecer <strong>entregas<\/strong> espec\u00edficas \u00e0 nossa realidade.<\/p>\n\n\n\n<p>Dentre todos, o desafio maior foi adequar tamb\u00e9m os honor\u00e1rios dessa Consultoria T\u00e9cnica t\u00e3o espec\u00edfica com valores que tornassem vi\u00e1vel essa certifica\u00e7\u00e3o para Corretores e Pequenas Imobili\u00e1rias. Considerando que o pr\u00f3prio Corretor de Im\u00f3veis aut\u00f4nomo ou mesmo o Corretor Respons\u00e1vel T\u00e9cnico pela Imobili\u00e1ria seriam os respons\u00e1veis diretos por acompanhar a Intelig\u00eancia Artificial neste Processo de Auditoria Externa, a EMBRASI apresentou uma redu\u00e7\u00e3o em 99% de seus honor\u00e1rios convencionais em situa\u00e7\u00f5es similares de certifica\u00e7\u00e3o. Pelo conv\u00eanio com o SINDIM\u00d3VEIS o Corretor de Im\u00f3veis <strong>RESPONS\u00c1VEL T\u00c9CNICO<\/strong> <strong>pela imobili\u00e1ria teria o custo de 12x de R$ 297,92<\/strong> para receber o selo certificador e o <strong>CORRETOR DE IM\u00d3VEIS AUT\u00d4NOMO faria o investimento em valores fixos de 24x de R$ 171,30<\/strong> para obter a mesma certifica\u00e7\u00e3o.<\/p>\n\n\n\n<p>Esta redu\u00e7\u00e3o s\u00f3 foi poss\u00edvel considerando que o Corretor de Im\u00f3veis assumiria a responsabilidade de responder aos question\u00e1rios propostos pela equipe de Auditores para diagnosticar seus &#8220;pontos fracos&#8221; , passando por ser o respons\u00e1vel por receber o relat\u00f3rio de auditoria e aplicar as solu\u00e7\u00f5es propostas tanto para adequar as novas cl\u00e1usulas nos contratos com donos de imoveis\/corretores associados\/inquilinos e demais clientes finais. Cabe \u00e0 EMBRASI realizar a fiscaliza\u00e7\u00e3o e auditoria final para a emiss\u00e3o do Certificado de Conformidade com a Lei, que pode ser exibido em todas as pe\u00e7as publicit\u00e1rias, anuncios de venda de im\u00f3veis e tamb\u00e9m para cumprimento das exig\u00eancias dos \u00f3rg\u00e3os e reparti\u00e7\u00f5es p\u00fablicas para as modalidades de cadastro para venda de im\u00f3veis p\u00fablicos ou privados.<\/p>\n\n\n\n<p>Corretores de Im\u00f3veis aut\u00f4nomos e Respons\u00e1veis T\u00e9cnicos de Imobili\u00e1rias de todo o Brasil j\u00e1 podem solicitar a partir de agora sua<strong> adequa\u00e7\u00e3o \u00e0 LGPD<\/strong>. Em condi\u00e7\u00f5es ideais, e<strong>m at\u00e9 3 meses <\/strong>j\u00e1 ser\u00e1 poss\u00edvel contar com a <strong>CERTIFICA\u00c7\u00c3O de CONFORMIDADE \u00e0 LEI pelo MENOR CUSTO do mercado.<\/strong><\/p>\n\n\n\n<p>Al\u00e9m da Certifica\u00e7\u00e3o, dentre os \u00edtens entreg\u00e1veis est\u00e3o as adequa\u00e7\u00f5es \u00e0 todos os modelos de contratos usados na Gest\u00e3o Imobili\u00e1ria, Relat\u00f3rios de Adequa\u00e7\u00f5es, Treinamentos \u00e0 equipe, ajustes de procedimentos tanto internos quanto externos para o cumprimento da lei: 31 itens entreg\u00e1veis, passando pelo GAP Assesment, por todas as Pol\u00edticas obrigat\u00f3rias e pelo detalhamento do plano de a\u00e7\u00e3o para compliance, Formul\u00e1rios de Consentimentos para steakholders, Nomea\u00e7\u00e3o do DPO, todos os Canais legais, Entrega do Relat\u00f3rio RIPD personalisado, Selo e Certifica\u00e7\u00e3o e treinamentos gravados.<\/p>\n\n\n\n<p>Interessado em fazer sua <strong>CERTIFICA\u00c7\u00c3O<\/strong> ?<br>Voc\u00ea s\u00f3 precisa ser Corretor de Im\u00f3veis e j\u00e1 ter feito, em qualquer ano, sua inscri\u00e7\u00e3o ao <strong>CRECI de sua regi\u00e3o<\/strong>. I<strong>NDEPENDENTE do local do BRASIL<\/strong> onde voc\u00ea esteja, coloque seu melhor email e seu whatsapp nos coment\u00e1rios desta postagem que em breve voc\u00ea receber\u00e1 um contato para in\u00edcio de sua certifica\u00e7\u00e3o.<br><br><strong>BONS NEG\u00d3CIOS IMOBILI\u00c1RIOS !<\/strong><\/p>\n        <div class=\"booster-block booster-reactions-block\">\n            <div class=\"twp-reactions-icons\">\n                \n                <div class=\"twp-reacts-wrap\">\n                    <a react-data=\"be-react-1\" post-id=\"421\" class=\"be-face-icons un-reacted\" href=\"javascript:void(0)\">\n                        <img decoding=\"async\" src=\"https:\/\/sindimoveis.cim.br\/wp-content\/plugins\/booster-extension\/\/assets\/icon\/happy.svg\" alt=\"Happy\">\n                    <\/a>\n                    <div class=\"twp-reaction-title\">\n                        Happy                    <\/div>\n                    <div class=\"twp-count-percent\">\n                                                    <span style=\"display: none;\" class=\"twp-react-count\">0<\/span>\n                        \n                                                <span class=\"twp-react-percent\"><span>0<\/span> %<\/span>\n                                            <\/div>\n                <\/div>\n\n                <div class=\"twp-reacts-wrap\">\n                    <a react-data=\"be-react-2\" post-id=\"421\" class=\"be-face-icons un-reacted\" href=\"javascript:void(0)\">\n                        <img decoding=\"async\" src=\"https:\/\/sindimoveis.cim.br\/wp-content\/plugins\/booster-extension\/\/assets\/icon\/sad.svg\" alt=\"Sad\">\n                    <\/a>\n                    <div class=\"twp-reaction-title\">\n                        Sad                    <\/div>\n                    <div class=\"twp-count-percent\">\n                                                    <span style=\"display: none;\" class=\"twp-react-count\">0<\/span>\n                                                                        <span class=\"twp-react-percent\"><span>0<\/span> %<\/span>\n                                            <\/div>\n                <\/div>\n\n                <div class=\"twp-reacts-wrap\">\n                    <a react-data=\"be-react-3\" post-id=\"421\" class=\"be-face-icons un-reacted\" href=\"javascript:void(0)\">\n                        <img decoding=\"async\" src=\"https:\/\/sindimoveis.cim.br\/wp-content\/plugins\/booster-extension\/\/assets\/icon\/excited.svg\" alt=\"Excited\">\n                    <\/a>\n                    <div class=\"twp-reaction-title\">\n                        Excited                    <\/div>\n                    <div class=\"twp-count-percent\">\n                                                    <span style=\"display: none;\" class=\"twp-react-count\">0<\/span>\n                                                                        <span class=\"twp-react-percent\"><span>0<\/span> %<\/span>\n                                            <\/div>\n                <\/div>\n\n                <div class=\"twp-reacts-wrap\">\n                    <a react-data=\"be-react-6\" post-id=\"421\" class=\"be-face-icons un-reacted\" href=\"javascript:void(0)\">\n                        <img decoding=\"async\" src=\"https:\/\/sindimoveis.cim.br\/wp-content\/plugins\/booster-extension\/\/assets\/icon\/sleepy.svg\" alt=\"Sleepy\">\n                    <\/a>\n                    <div class=\"twp-reaction-title\">\n                        Sleepy                    <\/div>\n                    <div class=\"twp-count-percent\">\n                                                    <span style=\"display: none;\" class=\"twp-react-count\">0<\/span>\n                        \n                                                <span class=\"twp-react-percent\"><span>0<\/span> %<\/span>\n                                            <\/div>\n                <\/div>\n\n                <div class=\"twp-reacts-wrap\">\n                    <a react-data=\"be-react-4\" post-id=\"421\" class=\"be-face-icons un-reacted\" href=\"javascript:void(0)\">\n                        <img decoding=\"async\" src=\"https:\/\/sindimoveis.cim.br\/wp-content\/plugins\/booster-extension\/\/assets\/icon\/angry.svg\" alt=\"Angry\">\n                    <\/a>\n                    <div class=\"twp-reaction-title\">Angry<\/div>\n                    <div class=\"twp-count-percent\">\n                                                    <span style=\"display: none;\" class=\"twp-react-count\">0<\/span>\n                                                                        <span class=\"twp-react-percent\"><span>0<\/span> %<\/span>\n                        \n                    <\/div>\n                <\/div>\n\n                <div class=\"twp-reacts-wrap\">\n                    <a react-data=\"be-react-5\" post-id=\"421\" class=\"be-face-icons un-reacted\" href=\"javascript:void(0)\">\n                        <img decoding=\"async\" src=\"https:\/\/sindimoveis.cim.br\/wp-content\/plugins\/booster-extension\/\/assets\/icon\/surprise.svg\" alt=\"Surprise\">\n                    <\/a>\n                    <div class=\"twp-reaction-title\">Surprise<\/div>\n                    <div class=\"twp-count-percent\">\n                                                    <span style=\"display: none;\" class=\"twp-react-count\">0<\/span>\n                                                                        <span class=\"twp-react-percent\"><span>0<\/span> %<\/span>\n                                            <\/div>\n                <\/div>\n\n            <\/div>\n        <\/div>\n\n    ","protected":false},"excerpt":{"rendered":"<p>Considerando que em agosto deste ano j\u00e1 finaliza o prazo de adequa\u00e7\u00e3o \u00e0 Lei Geral de Prote\u00e7\u00e3o de Dados sem que isso gere multas pelos deslizes das Imobili\u00e1rias e dos Corretores de Im\u00f3veis Aut\u00f4nomos na forma como tratam os dados de seus clientes prim\u00e1rios, parceiros comerciais, fornecedores, clientes finais e demais stakeholders de seu modelo [&hellip;]<\/p>\n","protected":false},"author":1,"featured_media":422,"comment_status":"open","ping_status":"open","sticky":true,"template":"","format":"standard","meta":{"om_disable_all_campaigns":false,"_monsterinsights_skip_tracking":false,"_monsterinsights_sitenote_active":false,"_monsterinsights_sitenote_note":"","_monsterinsights_sitenote_category":0,"footnotes":""},"categories":[4],"tags":[],"class_list":["post-421","post","type-post","status-publish","format-standard","has-post-thumbnail","hentry","category-noticias"],"aioseo_notices":[],"_links":{"self":[{"href":"https:\/\/sindimoveis.cim.br\/index.php\/wp-json\/wp\/v2\/posts\/421","targetHints":{"allow":["GET"]}}],"collection":[{"href":"https:\/\/sindimoveis.cim.br\/index.php\/wp-json\/wp\/v2\/posts"}],"about":[{"href":"https:\/\/sindimoveis.cim.br\/index.php\/wp-json\/wp\/v2\/types\/post"}],"author":[{"embeddable":true,"href":"https:\/\/sindimoveis.cim.br\/index.php\/wp-json\/wp\/v2\/users\/1"}],"replies":[{"embeddable":true,"href":"https:\/\/sindimoveis.cim.br\/index.php\/wp-json\/wp\/v2\/comments?post=421"}],"version-history":[{"count":0,"href":"https:\/\/sindimoveis.cim.br\/index.php\/wp-json\/wp\/v2\/posts\/421\/revisions"}],"wp:featuredmedia":[{"embeddable":true,"href":"https:\/\/sindimoveis.cim.br\/index.php\/wp-json\/"}],"wp:attachment":[{"href":"https:\/\/sindimoveis.cim.br\/index.php\/wp-json\/wp\/v2\/media?parent=421"}],"wp:term":[{"taxonomy":"category","embeddable":true,"href":"https:\/\/sindimoveis.cim.br\/index.php\/wp-json\/wp\/v2\/categories?post=421"},{"taxonomy":"post_tag","embeddable":true,"href":"https:\/\/sindimoveis.cim.br\/index.php\/wp-json\/wp\/v2\/tags?post=421"}],"curies":[{"name":"wp","href":"https:\/\/api.w.org\/{rel}","templated":true}]}}