{"id":321,"date":"2021-03-08T22:12:33","date_gmt":"2021-03-09T02:12:33","guid":{"rendered":"http:\/\/sindimoveis.cim.br\/?p=321"},"modified":"2021-03-08T22:12:33","modified_gmt":"2021-03-09T02:12:33","slug":"sindicato-articula-reducao-para-3-do-issqn-da-avaliacao-e-corretagem-em-varzea-grande","status":"publish","type":"post","link":"https:\/\/sindimoveis.cim.br\/index.php\/2021\/03\/08\/sindicato-articula-reducao-para-3-do-issqn-da-avaliacao-e-corretagem-em-varzea-grande\/","title":{"rendered":"Sindicato articula redu\u00e7\u00e3o para 3% do ISSQN da Avalia\u00e7\u00e3o e Corretagem em V\u00e1rzea Grande"},"content":{"rendered":"<div class='booster-block booster-read-block'>\n                <div class=\"twp-read-time\">\n                \t<i class=\"booster-icon twp-clock\"><\/i> <span>Read Time:<\/span>1 Minute, 15 Second                <\/div>\n\n            <\/div>\n<p>Em reuni\u00e3o realizada na manh\u00e3 de hoje, 08\/03\/2021, na C\u00e2mara de Vereadores de V\u00e1rzea Grande, o Sindicato dos Corretores de Im\u00f3veis de Mato Grosso fez gest\u00e3o junto ao Vereador Fabio Jos\u00e9 Tardin (DEM), atual Presidente da C\u00e2mara Municipal, no sentido de sensibilizar o Poder P\u00fablico Municipal da Segunda maior cidade do Estado, angariando apoio do Legislativo Municipal para o projeto de equipara\u00e7\u00e3o de V\u00e1rzea Grande com Cuiab\u00e1, da al\u00edquota cobrada do ISSQN dos Servi\u00e7os de Avalia\u00e7\u00e3o e Corretagem de Im\u00f3veis.<\/p>\n\n\n\n<p>Em Cuiab\u00e1, na gest\u00e3o do ex-prefeito Galindo, o SINDIM\u00d3VEIS, atrav\u00e9s de Ruy Pinheiro conseguiu a redu\u00e7\u00e3o da al\u00edquota de 5% para 3% do ISSQN para Corretores de Im\u00f3veis.  Desde ent\u00e3o apenas em Cuiab\u00e1 a al\u00edquota era menor. Agora queremos levar esse benef\u00edcio para os corretores de V\u00e1rzea Grande.<\/p>\n\n\n\n<p>A Diretoria do SINDIM\u00d3VEIS MT alegou ao Presidente da C\u00e2mara que o momento da Pandemia superaqueceu o mercado imobili\u00e1rio a n\u00edvel nacional e a equipara\u00e7\u00e3o do ISSQN entre as duas cidades colabora para evitar uma poss\u00edvel evas\u00e3o de divisas de V\u00e1rzea Grande para Cuiab\u00e1. <\/p>\n\n\n\n<p>&#8220;<strong><em>Consideramos que o percentual de 5% do ISSQN em V\u00e1rzea Grande, comparado aos 3% da al\u00edquota em Cuiab\u00e1 como imposto para os mesmos tipos de servi\u00e7os de Avalia\u00e7\u00e3o e Corretagem de Im\u00f3veis \u00e9 uma discrep\u00e2ncia que s\u00f3 prejudica  V\u00e1rze Grande&#8221;<\/em><\/strong> ponderou Juliano Lobato Evangelista, Presidente da Entidade Sindical.<\/p>\n\n\n\n<p>Assim que poss\u00edvel, o SINDIM\u00d3VEIS MT espera poder levar esta justa equipara\u00e7\u00e3o da al\u00edquota do ISSQN tamb\u00e9m para todos os munic\u00edpios do interior do Estado de Mato Grosso.<\/p>\n        <div class=\"booster-block booster-reactions-block\">\n            <div class=\"twp-reactions-icons\">\n                \n                <div class=\"twp-reacts-wrap\">\n                    <a react-data=\"be-react-1\" post-id=\"321\" class=\"be-face-icons un-reacted\" href=\"javascript:void(0)\">\n                        <img decoding=\"async\" src=\"https:\/\/sindimoveis.cim.br\/wp-content\/plugins\/booster-extension\/\/assets\/icon\/happy.svg\" alt=\"Happy\">\n                    <\/a>\n                    <div class=\"twp-reaction-title\">\n                        Happy                    <\/div>\n                    <div class=\"twp-count-percent\">\n                                                    <span style=\"display: none;\" class=\"twp-react-count\">0<\/span>\n                        \n                                                <span class=\"twp-react-percent\"><span>0<\/span> %<\/span>\n                                            <\/div>\n                <\/div>\n\n                <div class=\"twp-reacts-wrap\">\n                    <a react-data=\"be-react-2\" post-id=\"321\" class=\"be-face-icons un-reacted\" href=\"javascript:void(0)\">\n                        <img decoding=\"async\" src=\"https:\/\/sindimoveis.cim.br\/wp-content\/plugins\/booster-extension\/\/assets\/icon\/sad.svg\" alt=\"Sad\">\n                    <\/a>\n                    <div class=\"twp-reaction-title\">\n                        Sad                    <\/div>\n                    <div class=\"twp-count-percent\">\n                                                    <span style=\"display: none;\" class=\"twp-react-count\">0<\/span>\n                                                                        <span class=\"twp-react-percent\"><span>0<\/span> %<\/span>\n                                            <\/div>\n                <\/div>\n\n                <div class=\"twp-reacts-wrap\">\n                    <a react-data=\"be-react-3\" post-id=\"321\" class=\"be-face-icons un-reacted\" href=\"javascript:void(0)\">\n                        <img decoding=\"async\" src=\"https:\/\/sindimoveis.cim.br\/wp-content\/plugins\/booster-extension\/\/assets\/icon\/excited.svg\" alt=\"Excited\">\n                    <\/a>\n                    <div class=\"twp-reaction-title\">\n                        Excited                    <\/div>\n                    <div class=\"twp-count-percent\">\n                                                    <span style=\"display: none;\" class=\"twp-react-count\">0<\/span>\n                                                                        <span class=\"twp-react-percent\"><span>0<\/span> %<\/span>\n                                            <\/div>\n                <\/div>\n\n                <div class=\"twp-reacts-wrap\">\n                    <a react-data=\"be-react-6\" post-id=\"321\" class=\"be-face-icons un-reacted\" href=\"javascript:void(0)\">\n                        <img decoding=\"async\" src=\"https:\/\/sindimoveis.cim.br\/wp-content\/plugins\/booster-extension\/\/assets\/icon\/sleepy.svg\" alt=\"Sleepy\">\n                    <\/a>\n                    <div class=\"twp-reaction-title\">\n                        Sleepy                    <\/div>\n                    <div class=\"twp-count-percent\">\n                                                    <span style=\"display: none;\" class=\"twp-react-count\">0<\/span>\n                        \n                                                <span class=\"twp-react-percent\"><span>0<\/span> %<\/span>\n                                            <\/div>\n                <\/div>\n\n                <div class=\"twp-reacts-wrap\">\n                    <a react-data=\"be-react-4\" post-id=\"321\" class=\"be-face-icons un-reacted\" href=\"javascript:void(0)\">\n                        <img decoding=\"async\" src=\"https:\/\/sindimoveis.cim.br\/wp-content\/plugins\/booster-extension\/\/assets\/icon\/angry.svg\" alt=\"Angry\">\n                    <\/a>\n                    <div class=\"twp-reaction-title\">Angry<\/div>\n                    <div class=\"twp-count-percent\">\n                                                    <span style=\"display: none;\" class=\"twp-react-count\">0<\/span>\n                                                                        <span class=\"twp-react-percent\"><span>0<\/span> %<\/span>\n                        \n                    <\/div>\n                <\/div>\n\n                <div class=\"twp-reacts-wrap\">\n                    <a react-data=\"be-react-5\" post-id=\"321\" class=\"be-face-icons un-reacted\" href=\"javascript:void(0)\">\n                        <img decoding=\"async\" src=\"https:\/\/sindimoveis.cim.br\/wp-content\/plugins\/booster-extension\/\/assets\/icon\/surprise.svg\" alt=\"Surprise\">\n                    <\/a>\n                    <div class=\"twp-reaction-title\">Surprise<\/div>\n                    <div class=\"twp-count-percent\">\n                                                    <span style=\"display: none;\" class=\"twp-react-count\">0<\/span>\n                                                                        <span class=\"twp-react-percent\"><span>0<\/span> %<\/span>\n                                            <\/div>\n                <\/div>\n\n            <\/div>\n        <\/div>\n\n    ","protected":false},"excerpt":{"rendered":"<p>Em reuni\u00e3o realizada na manh\u00e3 de hoje, 08\/03\/2021, na C\u00e2mara de Vereadores de V\u00e1rzea Grande, o Sindicato dos Corretores de Im\u00f3veis de Mato Grosso fez gest\u00e3o junto ao Vereador Fabio Jos\u00e9 Tardin (DEM), atual Presidente da C\u00e2mara Municipal, no sentido de sensibilizar o Poder P\u00fablico Municipal da Segunda maior cidade do Estado, angariando apoio do [&hellip;]<\/p>\n","protected":false},"author":1,"featured_media":322,"comment_status":"open","ping_status":"open","sticky":false,"template":"","format":"standard","meta":{"om_disable_all_campaigns":false,"_monsterinsights_skip_tracking":false,"_monsterinsights_sitenote_active":false,"_monsterinsights_sitenote_note":"","_monsterinsights_sitenote_category":0,"footnotes":""},"categories":[4],"tags":[],"class_list":["post-321","post","type-post","status-publish","format-standard","has-post-thumbnail","hentry","category-noticias"],"aioseo_notices":[],"_links":{"self":[{"href":"https:\/\/sindimoveis.cim.br\/index.php\/wp-json\/wp\/v2\/posts\/321","targetHints":{"allow":["GET"]}}],"collection":[{"href":"https:\/\/sindimoveis.cim.br\/index.php\/wp-json\/wp\/v2\/posts"}],"about":[{"href":"https:\/\/sindimoveis.cim.br\/index.php\/wp-json\/wp\/v2\/types\/post"}],"author":[{"embeddable":true,"href":"https:\/\/sindimoveis.cim.br\/index.php\/wp-json\/wp\/v2\/users\/1"}],"replies":[{"embeddable":true,"href":"https:\/\/sindimoveis.cim.br\/index.php\/wp-json\/wp\/v2\/comments?post=321"}],"version-history":[{"count":0,"href":"https:\/\/sindimoveis.cim.br\/index.php\/wp-json\/wp\/v2\/posts\/321\/revisions"}],"wp:featuredmedia":[{"embeddable":true,"href":"https:\/\/sindimoveis.cim.br\/index.php\/wp-json\/"}],"wp:attachment":[{"href":"https:\/\/sindimoveis.cim.br\/index.php\/wp-json\/wp\/v2\/media?parent=321"}],"wp:term":[{"taxonomy":"category","embeddable":true,"href":"https:\/\/sindimoveis.cim.br\/index.php\/wp-json\/wp\/v2\/categories?post=321"},{"taxonomy":"post_tag","embeddable":true,"href":"https:\/\/sindimoveis.cim.br\/index.php\/wp-json\/wp\/v2\/tags?post=321"}],"curies":[{"name":"wp","href":"https:\/\/api.w.org\/{rel}","templated":true}]}}