{"id":1438,"date":"2025-06-25T20:43:18","date_gmt":"2025-06-26T00:43:18","guid":{"rendered":"https:\/\/sindimoveis.cim.br\/?p=1438"},"modified":"2025-06-25T20:43:18","modified_gmt":"2025-06-26T00:43:18","slug":"sindimoveis-reafirma-compromisso-com-os-direitos-dos-corretores-de-imoveis-e-repudia-tentativa-de-criminalizacao-da-atuacao-sindical","status":"publish","type":"post","link":"https:\/\/sindimoveis.cim.br\/index.php\/2025\/06\/25\/sindimoveis-reafirma-compromisso-com-os-direitos-dos-corretores-de-imoveis-e-repudia-tentativa-de-criminalizacao-da-atuacao-sindical\/","title":{"rendered":"SINDIM\u00d3VEIS reafirma compromisso com os DIREITOS DOS CORRETORES DE IMOVEIS e REPUDIA tentativa de CRIMINALIZA\u00c7\u00c3O da ATUA\u00c7\u00c3O SINDICAL"},"content":{"rendered":"<div class='booster-block booster-read-block'>\n                <div class=\"twp-read-time\">\n                \t<i class=\"booster-icon twp-clock\"><\/i> <span>Read Time:<\/span>2 Minute, 26 Second                <\/div>\n\n            <\/div>\n<p>O Sindicato dos Corretores de Im\u00f3veis do Estado de Mato Grosso \u2013 <strong>SINDIM\u00d3VEIS\/MT<\/strong> vem a p\u00fablico esclarecer os fatos relacionados \u00e0 <strong>den\u00fancia apresentada por uma PROPRIET\u00c1RIA DE IMOBILI\u00c1RIA de Campo Novo do Parecis<\/strong> junto ao CRECI\/MT, alegando<strong> suposto constrangimento<\/strong> durante visita institucional promovida por esta entidade no dia 20 de fevereiro de 2025.<\/p>\n\n\n\n<p>A comitiva do sindicato, composta pelo presidente <strong>Juliano Lobato Evangelista<\/strong> e pelo delegado sindical <strong>Cl\u00e9o Bagatini<\/strong>, percorreu diversas imobili\u00e1rias da regi\u00e3o com a <strong>finalidade estritamente informativa e educativa<\/strong>, orientando corretores e empresas sobre a necessidade de regulariza\u00e7\u00e3o contratual conforme previsto na legisla\u00e7\u00e3o vigente (Lei 6.530\/78), na conven\u00e7\u00e3o coletiva da categoria e nas normas do Minist\u00e9rio do Trabalho.<\/p>\n\n\n\n<p>Todas as visitas ocorreram de forma <strong>respeitosa, cort\u00eas e transparente<\/strong>, sem qualquer imposi\u00e7\u00e3o ou a\u00e7\u00e3o que pudesse configurar coa\u00e7\u00e3o ou ass\u00e9dio. Os temas abordados foram de interesse coletivo e visaram <strong>fortalecer a valoriza\u00e7\u00e3o profissional dos corretores<\/strong>, <strong><em>prevenir v\u00ednculos disfar\u00e7ados<\/em><\/strong> e orientar sobre o uso do sistema de homologa\u00e7\u00e3o e sobre os procedimentos corretores para Registro de Contrato de Corretor Associado junto ao Sindicato.<\/p>\n\n\n\n<p>Causa estranheza que, justamente ap\u00f3s a constata\u00e7\u00e3o de irregularidades na rela\u00e7\u00e3o contratual entre uma determinada imobili\u00e1ria e seu TIME DE VENDAS, seja apresentada den\u00fancia infundada, <strong>sem provas <\/strong>de conduta abusiva, buscando <strong>deslegitimar a fun\u00e7\u00e3o sindical <\/strong>e silenciar o trabalho de<strong> fiscaliza\u00e7\u00e3o aut\u00f4noma<\/strong> exercido pelas entidades representativas.<\/p>\n\n\n\n<p>O SINDIM\u00d3VEIS\/MT reitera que possui <strong>carta sindical ativa<\/strong>, reconhecimento oficial no Minist\u00e9rio do Trabalho e plena legitimidade para atuar em defesa dos direitos da categoria, conforme previsto no artigo 8\u00ba, inciso III, da Constitui\u00e7\u00e3o Federal. Tentativas de criminalizar a atua\u00e7\u00e3o sindical leg\u00edtima <strong>n\u00e3o ser\u00e3o aceitas passivamente<\/strong>, e ser\u00e3o enfrentadas com firmeza e amparo jur\u00eddico.<\/p>\n\n\n\n<p>Seguimos \u00e0 disposi\u00e7\u00e3o para esclarecer a sociedade, os \u00f3rg\u00e3os p\u00fablicos e a imprensa sobre o papel fundamental do sindicato na <strong>promo\u00e7\u00e3o da legalidade, da \u00e9tica e da valoriza\u00e7\u00e3o dos corretores de im\u00f3veis<\/strong> em todo o estado de Mato Grosso.<\/p>\n\n\n\n<p>Vale frisar que este trabalho de visitas transcorreu normalmente junto \u00e1 v\u00e1rias imobili\u00e1rias em cidades diferentes do estado e serviu de subs\u00eddio para a elabora\u00e7\u00e3o dos termos da PRIMEIRA CONVEN\u00c7\u00c3O COLETIVA da  categoria em MT. <\/p>\n\n\n\n<p>O SINDIM\u00d3VEIS\/MT reafirma que <strong>nenhuma imobili\u00e1ria deve se sentir constrangida ao ser orientada sobre a exist\u00eancia de v\u00ednculos irregulares com corretores de im\u00f3veis<\/strong>, seja sob a forma de trabalho ou de emprego. A tentativa de responder \u00e0 orienta\u00e7\u00e3o sindical com <strong>intimida\u00e7\u00e3o <\/strong>ou <strong>falsas den\u00fancias<\/strong> apenas agrava a situa\u00e7\u00e3o e exp\u00f5e ainda mais as ilegalidades praticadas. <\/p>\n\n\n\n<p>Ainda que <strong>den\u00fancias infundadas <\/strong>sejam eventualmente admitidas por erro ou desinforma\u00e7\u00e3o, elas n\u00e3o prosperam diante da absoluta legalidade da atua\u00e7\u00e3o sindical. O que de fato deve prevalecer nas rela\u00e7\u00f5es entre corretores e imobili\u00e1rias \u00e9 a conformidade legal: ou se firma o <strong>Contrato de Corretor Associado com registro sindical<\/strong>, ou se formaliza v\u00ednculo empregat\u00edcio com registro em carteira. Qualquer outra pr\u00e1tica \u00e9 equivocada e merece corre\u00e7\u00e3o imediata.<br><br><strong>Campo Novo do Parecis\/MT, 25\/06\/2026<\/strong><\/p>\n\n\n\n<p><strong>Juliano Lobato Evangelista<\/strong><br>Presidente do SINDIM\u00d3VEIS\/MT<\/p>\n\n\n\n<p><\/p>\n        <div class=\"booster-block booster-reactions-block\">\n            <div class=\"twp-reactions-icons\">\n                \n                <div class=\"twp-reacts-wrap\">\n                    <a react-data=\"be-react-1\" post-id=\"1438\" class=\"be-face-icons un-reacted\" href=\"javascript:void(0)\">\n                        <img decoding=\"async\" src=\"https:\/\/sindimoveis.cim.br\/wp-content\/plugins\/booster-extension\/\/assets\/icon\/happy.svg\" alt=\"Happy\">\n                    <\/a>\n                    <div class=\"twp-reaction-title\">\n                        Happy                    <\/div>\n                    <div class=\"twp-count-percent\">\n                                                    <span style=\"display: none;\" class=\"twp-react-count\">0<\/span>\n                        \n                                                <span class=\"twp-react-percent\"><span>0<\/span> %<\/span>\n                                            <\/div>\n                <\/div>\n\n                <div class=\"twp-reacts-wrap\">\n                    <a react-data=\"be-react-2\" post-id=\"1438\" class=\"be-face-icons un-reacted\" href=\"javascript:void(0)\">\n                        <img decoding=\"async\" src=\"https:\/\/sindimoveis.cim.br\/wp-content\/plugins\/booster-extension\/\/assets\/icon\/sad.svg\" alt=\"Sad\">\n                    <\/a>\n                    <div class=\"twp-reaction-title\">\n                        Sad                    <\/div>\n                    <div class=\"twp-count-percent\">\n                                                    <span style=\"display: none;\" class=\"twp-react-count\">0<\/span>\n                                                                        <span class=\"twp-react-percent\"><span>0<\/span> %<\/span>\n                                            <\/div>\n                <\/div>\n\n                <div class=\"twp-reacts-wrap\">\n                    <a react-data=\"be-react-3\" post-id=\"1438\" class=\"be-face-icons un-reacted\" href=\"javascript:void(0)\">\n                        <img decoding=\"async\" src=\"https:\/\/sindimoveis.cim.br\/wp-content\/plugins\/booster-extension\/\/assets\/icon\/excited.svg\" alt=\"Excited\">\n                    <\/a>\n                    <div class=\"twp-reaction-title\">\n                        Excited                    <\/div>\n                    <div class=\"twp-count-percent\">\n                                                    <span style=\"display: none;\" class=\"twp-react-count\">1<\/span>\n                                                                        <span class=\"twp-react-percent\"><span>100<\/span> %<\/span>\n                                            <\/div>\n                <\/div>\n\n                <div class=\"twp-reacts-wrap\">\n                    <a react-data=\"be-react-6\" post-id=\"1438\" class=\"be-face-icons un-reacted\" href=\"javascript:void(0)\">\n                        <img decoding=\"async\" src=\"https:\/\/sindimoveis.cim.br\/wp-content\/plugins\/booster-extension\/\/assets\/icon\/sleepy.svg\" alt=\"Sleepy\">\n                    <\/a>\n                    <div class=\"twp-reaction-title\">\n                        Sleepy                    <\/div>\n                    <div class=\"twp-count-percent\">\n                                                    <span style=\"display: none;\" class=\"twp-react-count\">0<\/span>\n                        \n                                                <span class=\"twp-react-percent\"><span>0<\/span> %<\/span>\n                                            <\/div>\n                <\/div>\n\n                <div class=\"twp-reacts-wrap\">\n                    <a react-data=\"be-react-4\" post-id=\"1438\" class=\"be-face-icons un-reacted\" href=\"javascript:void(0)\">\n                        <img decoding=\"async\" src=\"https:\/\/sindimoveis.cim.br\/wp-content\/plugins\/booster-extension\/\/assets\/icon\/angry.svg\" alt=\"Angry\">\n                    <\/a>\n                    <div class=\"twp-reaction-title\">Angry<\/div>\n                    <div class=\"twp-count-percent\">\n                                                    <span style=\"display: none;\" class=\"twp-react-count\">0<\/span>\n                                                                        <span class=\"twp-react-percent\"><span>0<\/span> %<\/span>\n                        \n                    <\/div>\n                <\/div>\n\n                <div class=\"twp-reacts-wrap\">\n                    <a react-data=\"be-react-5\" post-id=\"1438\" class=\"be-face-icons un-reacted\" href=\"javascript:void(0)\">\n                        <img decoding=\"async\" src=\"https:\/\/sindimoveis.cim.br\/wp-content\/plugins\/booster-extension\/\/assets\/icon\/surprise.svg\" alt=\"Surprise\">\n                    <\/a>\n                    <div class=\"twp-reaction-title\">Surprise<\/div>\n                    <div class=\"twp-count-percent\">\n                                                    <span style=\"display: none;\" class=\"twp-react-count\">0<\/span>\n                                                                        <span class=\"twp-react-percent\"><span>0<\/span> %<\/span>\n                                            <\/div>\n                <\/div>\n\n            <\/div>\n        <\/div>\n\n    ","protected":false},"excerpt":{"rendered":"<p>O Sindicato dos Corretores de Im\u00f3veis do Estado de Mato Grosso \u2013 SINDIM\u00d3VEIS\/MT vem a p\u00fablico esclarecer os fatos relacionados \u00e0 den\u00fancia apresentada por uma PROPRIET\u00c1RIA DE IMOBILI\u00c1RIA de Campo Novo do Parecis junto ao CRECI\/MT, alegando suposto constrangimento durante visita institucional promovida por esta entidade no dia 20 de fevereiro de 2025. A comitiva [&hellip;]<\/p>\n","protected":false},"author":4,"featured_media":0,"comment_status":"open","ping_status":"open","sticky":false,"template":"","format":"standard","meta":{"om_disable_all_campaigns":false,"_monsterinsights_skip_tracking":false,"_monsterinsights_sitenote_active":false,"_monsterinsights_sitenote_note":"","_monsterinsights_sitenote_category":0,"footnotes":""},"categories":[1],"tags":[],"class_list":["post-1438","post","type-post","status-publish","format-standard","hentry","category-comunicacao-oficial"],"aioseo_notices":[],"_links":{"self":[{"href":"https:\/\/sindimoveis.cim.br\/index.php\/wp-json\/wp\/v2\/posts\/1438","targetHints":{"allow":["GET"]}}],"collection":[{"href":"https:\/\/sindimoveis.cim.br\/index.php\/wp-json\/wp\/v2\/posts"}],"about":[{"href":"https:\/\/sindimoveis.cim.br\/index.php\/wp-json\/wp\/v2\/types\/post"}],"author":[{"embeddable":true,"href":"https:\/\/sindimoveis.cim.br\/index.php\/wp-json\/wp\/v2\/users\/4"}],"replies":[{"embeddable":true,"href":"https:\/\/sindimoveis.cim.br\/index.php\/wp-json\/wp\/v2\/comments?post=1438"}],"version-history":[{"count":1,"href":"https:\/\/sindimoveis.cim.br\/index.php\/wp-json\/wp\/v2\/posts\/1438\/revisions"}],"predecessor-version":[{"id":1439,"href":"https:\/\/sindimoveis.cim.br\/index.php\/wp-json\/wp\/v2\/posts\/1438\/revisions\/1439"}],"wp:attachment":[{"href":"https:\/\/sindimoveis.cim.br\/index.php\/wp-json\/wp\/v2\/media?parent=1438"}],"wp:term":[{"taxonomy":"category","embeddable":true,"href":"https:\/\/sindimoveis.cim.br\/index.php\/wp-json\/wp\/v2\/categories?post=1438"},{"taxonomy":"post_tag","embeddable":true,"href":"https:\/\/sindimoveis.cim.br\/index.php\/wp-json\/wp\/v2\/tags?post=1438"}],"curies":[{"name":"wp","href":"https:\/\/api.w.org\/{rel}","templated":true}]}}