{"id":1418,"date":"2025-05-27T07:07:00","date_gmt":"2025-05-27T11:07:00","guid":{"rendered":"https:\/\/sindimoveis.cim.br\/?p=1418"},"modified":"2025-06-13T07:08:22","modified_gmt":"2025-06-13T11:08:22","slug":"edital-de-convocacao-para-eleicoes-sindicais-mandato-2025-2028-3","status":"publish","type":"post","link":"https:\/\/sindimoveis.cim.br\/index.php\/2025\/05\/27\/edital-de-convocacao-para-eleicoes-sindicais-mandato-2025-2028-3\/","title":{"rendered":"EDITAL DE CONVOCA\u00c7\u00c3O PARA ELEI\u00c7\u00d5ES SINDICAIS \u2013 MANDATO 2025\/2028"},"content":{"rendered":"<div class='booster-block booster-read-block'>\n                <div class=\"twp-read-time\">\n                \t<i class=\"booster-icon twp-clock\"><\/i> <span>Read Time:<\/span>1 Minute, 2 Second                <\/div>\n\n            <\/div>\n<p>O Sindicato dos Corretores de Im\u00f3veis do Estado de Mato Grosso \u2013 SINDIM\u00d3VEIS\/MT, CNPJ n\u00ba 24.672.784\/0001-62, neste ato representado por seu Presidente, JULIANO LOBATO EVANGELISTA, CRECI F\/MT 5407, nos termos do Estatuto Social e da legisla\u00e7\u00e3o sindical vigente, convoca todos os corretores de im\u00f3veis sindicalizados e em dia com suas obriga\u00e7\u00f5es estatut\u00e1rias e financeiras a participarem da Assembleia Geral Ordin\u00e1ria Eleitoral, que se realizar\u00e1 no dia&nbsp;<strong>14 de julho de 2025<\/strong>, \u00e0s 14h30min em primeira convoca\u00e7\u00e3o, e \u00e0s 15h30min em segunda convoca\u00e7\u00e3o, com qualquer n\u00famero de presentes.<\/p>\n\n\n\n<p>A Assembleia ser\u00e1 realizada na Rua Tail\u00e2ndia, 883 \u2013 Bairro Jardim Shangril\u00e1 \u2013 Cuiab\u00e1\/MT e ter\u00e1 por finalidade a realiza\u00e7\u00e3o da elei\u00e7\u00e3o da nova Diretoria Executiva, do Conselho Fiscal e dos Delegados Representantes junto \u00e0 FENACI, para o mandato de<strong>&nbsp;15 de julho de 2025 a 14 de julho de 2028<\/strong>. A elei\u00e7\u00e3o ser\u00e1 realizada na Rua Tail\u00e2ndia, 883 \u2013 Bairro Jardim Shangril\u00e1 \u2013 Cuiab\u00e1\/MT. O voto ser\u00e1 pessoal, direto e secreto, dos sindicalizados aptos, e computado de forma individual.<\/p>\n\n\n\n<p>O edital completo, contendo as regras do processo eleitoral, os prazos para inscri\u00e7\u00e3o de chapas e os requisitos para candidatura, estar\u00e1 dispon\u00edvel nos sites: www.sindimoveismt.org.br e www.sindimoveis.cim.br<\/p>\n        <div class=\"booster-block booster-reactions-block\">\n            <div class=\"twp-reactions-icons\">\n                \n                <div class=\"twp-reacts-wrap\">\n                    <a react-data=\"be-react-1\" post-id=\"1418\" class=\"be-face-icons un-reacted\" href=\"javascript:void(0)\">\n                        <img decoding=\"async\" src=\"https:\/\/sindimoveis.cim.br\/wp-content\/plugins\/booster-extension\/\/assets\/icon\/happy.svg\" alt=\"Happy\">\n                    <\/a>\n                    <div class=\"twp-reaction-title\">\n                        Happy                    <\/div>\n                    <div class=\"twp-count-percent\">\n                                                    <span style=\"display: none;\" class=\"twp-react-count\">0<\/span>\n                        \n                                                <span class=\"twp-react-percent\"><span>0<\/span> %<\/span>\n                                            <\/div>\n                <\/div>\n\n                <div class=\"twp-reacts-wrap\">\n                    <a react-data=\"be-react-2\" post-id=\"1418\" class=\"be-face-icons un-reacted\" href=\"javascript:void(0)\">\n                        <img decoding=\"async\" src=\"https:\/\/sindimoveis.cim.br\/wp-content\/plugins\/booster-extension\/\/assets\/icon\/sad.svg\" alt=\"Sad\">\n                    <\/a>\n                    <div class=\"twp-reaction-title\">\n                        Sad                    <\/div>\n                    <div class=\"twp-count-percent\">\n                                                    <span style=\"display: none;\" class=\"twp-react-count\">0<\/span>\n                                                                        <span class=\"twp-react-percent\"><span>0<\/span> %<\/span>\n                                            <\/div>\n                <\/div>\n\n                <div class=\"twp-reacts-wrap\">\n                    <a react-data=\"be-react-3\" post-id=\"1418\" class=\"be-face-icons un-reacted\" href=\"javascript:void(0)\">\n                        <img decoding=\"async\" src=\"https:\/\/sindimoveis.cim.br\/wp-content\/plugins\/booster-extension\/\/assets\/icon\/excited.svg\" alt=\"Excited\">\n                    <\/a>\n                    <div class=\"twp-reaction-title\">\n                        Excited                    <\/div>\n                    <div class=\"twp-count-percent\">\n                                                    <span style=\"display: none;\" class=\"twp-react-count\">0<\/span>\n                                                                        <span class=\"twp-react-percent\"><span>0<\/span> %<\/span>\n                                            <\/div>\n                <\/div>\n\n                <div class=\"twp-reacts-wrap\">\n                    <a react-data=\"be-react-6\" post-id=\"1418\" class=\"be-face-icons un-reacted\" href=\"javascript:void(0)\">\n                        <img decoding=\"async\" src=\"https:\/\/sindimoveis.cim.br\/wp-content\/plugins\/booster-extension\/\/assets\/icon\/sleepy.svg\" alt=\"Sleepy\">\n                    <\/a>\n                    <div class=\"twp-reaction-title\">\n                        Sleepy                    <\/div>\n                    <div class=\"twp-count-percent\">\n                                                    <span style=\"display: none;\" class=\"twp-react-count\">0<\/span>\n                        \n                                                <span class=\"twp-react-percent\"><span>0<\/span> %<\/span>\n                                            <\/div>\n                <\/div>\n\n                <div class=\"twp-reacts-wrap\">\n                    <a react-data=\"be-react-4\" post-id=\"1418\" class=\"be-face-icons un-reacted\" href=\"javascript:void(0)\">\n                        <img decoding=\"async\" src=\"https:\/\/sindimoveis.cim.br\/wp-content\/plugins\/booster-extension\/\/assets\/icon\/angry.svg\" alt=\"Angry\">\n                    <\/a>\n                    <div class=\"twp-reaction-title\">Angry<\/div>\n                    <div class=\"twp-count-percent\">\n                                                    <span style=\"display: none;\" class=\"twp-react-count\">0<\/span>\n                                                                        <span class=\"twp-react-percent\"><span>0<\/span> %<\/span>\n                        \n                    <\/div>\n                <\/div>\n\n                <div class=\"twp-reacts-wrap\">\n                    <a react-data=\"be-react-5\" post-id=\"1418\" class=\"be-face-icons un-reacted\" href=\"javascript:void(0)\">\n                        <img decoding=\"async\" src=\"https:\/\/sindimoveis.cim.br\/wp-content\/plugins\/booster-extension\/\/assets\/icon\/surprise.svg\" alt=\"Surprise\">\n                    <\/a>\n                    <div class=\"twp-reaction-title\">Surprise<\/div>\n                    <div class=\"twp-count-percent\">\n                                                    <span style=\"display: none;\" class=\"twp-react-count\">0<\/span>\n                                                                        <span class=\"twp-react-percent\"><span>0<\/span> %<\/span>\n                                            <\/div>\n                <\/div>\n\n            <\/div>\n        <\/div>\n\n    ","protected":false},"excerpt":{"rendered":"<p>O Sindicato dos Corretores de Im\u00f3veis do Estado de Mato Grosso \u2013 SINDIM\u00d3VEIS\/MT, CNPJ n\u00ba 24.672.784\/0001-62, neste ato representado por seu Presidente, JULIANO LOBATO EVANGELISTA, CRECI F\/MT 5407, nos termos do Estatuto Social e da legisla\u00e7\u00e3o sindical vigente, convoca todos os corretores de im\u00f3veis sindicalizados e em dia com suas obriga\u00e7\u00f5es estatut\u00e1rias e financeiras a [&hellip;]<\/p>\n","protected":false},"author":4,"featured_media":0,"comment_status":"open","ping_status":"open","sticky":false,"template":"","format":"standard","meta":{"om_disable_all_campaigns":false,"_monsterinsights_skip_tracking":false,"_monsterinsights_sitenote_active":false,"_monsterinsights_sitenote_note":"","_monsterinsights_sitenote_category":0,"footnotes":""},"categories":[1],"tags":[],"class_list":["post-1418","post","type-post","status-publish","format-standard","hentry","category-comunicacao-oficial"],"aioseo_notices":[],"_links":{"self":[{"href":"https:\/\/sindimoveis.cim.br\/index.php\/wp-json\/wp\/v2\/posts\/1418","targetHints":{"allow":["GET"]}}],"collection":[{"href":"https:\/\/sindimoveis.cim.br\/index.php\/wp-json\/wp\/v2\/posts"}],"about":[{"href":"https:\/\/sindimoveis.cim.br\/index.php\/wp-json\/wp\/v2\/types\/post"}],"author":[{"embeddable":true,"href":"https:\/\/sindimoveis.cim.br\/index.php\/wp-json\/wp\/v2\/users\/4"}],"replies":[{"embeddable":true,"href":"https:\/\/sindimoveis.cim.br\/index.php\/wp-json\/wp\/v2\/comments?post=1418"}],"version-history":[{"count":1,"href":"https:\/\/sindimoveis.cim.br\/index.php\/wp-json\/wp\/v2\/posts\/1418\/revisions"}],"predecessor-version":[{"id":1419,"href":"https:\/\/sindimoveis.cim.br\/index.php\/wp-json\/wp\/v2\/posts\/1418\/revisions\/1419"}],"wp:attachment":[{"href":"https:\/\/sindimoveis.cim.br\/index.php\/wp-json\/wp\/v2\/media?parent=1418"}],"wp:term":[{"taxonomy":"category","embeddable":true,"href":"https:\/\/sindimoveis.cim.br\/index.php\/wp-json\/wp\/v2\/categories?post=1418"},{"taxonomy":"post_tag","embeddable":true,"href":"https:\/\/sindimoveis.cim.br\/index.php\/wp-json\/wp\/v2\/tags?post=1418"}],"curies":[{"name":"wp","href":"https:\/\/api.w.org\/{rel}","templated":true}]}}