{"id":1404,"date":"2025-06-05T01:16:42","date_gmt":"2025-06-05T05:16:42","guid":{"rendered":"https:\/\/sindimoveis.cim.br\/?p=1404"},"modified":"2025-06-05T01:21:06","modified_gmt":"2025-06-05T05:21:06","slug":"corretores-de-imoveis-de-mt-conquistam-sua-primeira-convencao-coletiva-de-trabalho-da-historia","status":"publish","type":"post","link":"https:\/\/sindimoveis.cim.br\/index.php\/2025\/06\/05\/corretores-de-imoveis-de-mt-conquistam-sua-primeira-convencao-coletiva-de-trabalho-da-historia\/","title":{"rendered":"Corretores de Im\u00f3veis de MT conquistam sua primeira Conven\u00e7\u00e3o Coletiva de Trabalho da hist\u00f3ria"},"content":{"rendered":"<div class='booster-block booster-read-block'>\n                <div class=\"twp-read-time\">\n                \t<i class=\"booster-icon twp-clock\"><\/i> <span>Read Time:<\/span>2 Minute, 41 Second                <\/div>\n\n            <\/div>\n<h3 class=\"wp-block-heading\">Documento assegura direitos e fortalece a categoria em todo o Estado de Mato Grosso<\/h3>\n\n\n\n<p>Em um marco hist\u00f3rico para o setor imobili\u00e1rio mato-grossense, os corretores de im\u00f3veis do Estado aprovaram, por unanimidade, a <strong>primeira Conven\u00e7\u00e3o Coletiva de Trabalho (CCT)<\/strong> da categoria. Aprovada em Assembleia Geral Extraordin\u00e1ria realizada no dia 22 de maio de 2025, na nova sede do SINDIM\u00d3VEIS-MT, no Jardim It\u00e1lia. A conven\u00e7\u00e3o aprovada \u00e9 fruto de <strong>mais de 20 meses de debates, visitas t\u00e9cnicas, audi\u00eancias e mobiliza\u00e7\u00e3o sindical<\/strong>.<\/p>\n\n\n\n<p>A iniciativa estabelece, pela primeira vez, um conjunto de <strong>direitos, garantias e deveres espec\u00edficos para os corretores de im\u00f3veis<\/strong>, tanto empregados quanto parceiros associados, em todo o Estado. A negocia\u00e7\u00e3o e reda\u00e7\u00e3o do texto final foram conduzidas sob a lideran\u00e7a do presidente Juliano Lobato Evangelista, com envolvimento de toda a Diretoria Ampliada do sindicato e o apoio t\u00e9cnico da Federa\u00e7\u00e3o Nacional dos Corretores de Im\u00f3veis.<\/p>\n\n\n\n<blockquote class=\"wp-block-quote is-layout-flow wp-block-quote-is-layout-flow\">\n<p><strong>\u201cEstamos colocando o corretor de im\u00f3veis no lugar que ele merece: como profissional valorizado, protegido e reconhecido pelas normas trabalhistas e sindicais. Esta conven\u00e7\u00e3o \u00e9 um divisor de \u00e1guas para nossa categoria\u201d<\/strong>, destacou Juliano Lobato, presidente do SINDIM\u00d3VEIS-MT.<\/p>\n<\/blockquote>\n\n\n\n<h2 class=\"wp-block-heading\"><strong>O que muda com a nova Conven\u00e7\u00e3o Coletiva?<\/strong><\/h2>\n\n\n\n<p>A seguir, confira as principais conquistas e avan\u00e7os da nova CCT:<\/p>\n\n\n\n<figure class=\"wp-block-table\"><table class=\"has-fixed-layout\"><thead><tr><th><strong>ANTES<\/strong><\/th><th><strong>AGORA COM A CONVEN\u00c7\u00c3O<\/strong><\/th><\/tr><\/thead><tbody><tr><td>N\u00e3o havia piso salarial definido<\/td><td>Piso m\u00ednimo de 1 sal\u00e1rio m\u00ednimo + comiss\u00f5es e benef\u00edcios<\/td><\/tr><tr><td>Sem regras claras para estagi\u00e1rios ou contratos de parceria<\/td><td>Est\u00e1gio e parceria agora t\u00eam regras legais, protegendo os profissionais e as empresas<\/td><\/tr><tr><td>Falta de acesso a benef\u00edcios sociais<\/td><td>Aux\u00edlio sa\u00fade familiar, aux\u00edlio creche, refei\u00e7\u00e3o, transporte, seguro de vida e assist\u00eancia funeral obrigat\u00f3rios<\/td><\/tr><tr><td>Aus\u00eancia de representa\u00e7\u00e3o sindical nas empresas<\/td><td>Delegado sindical garantido em empresas com mais de 50 corretores<\/td><\/tr><tr><td>Repasses de custos ao corretor em plant\u00f5es externos e Estrutura m\u00ednima obrigat\u00f3ria.<\/td><td>Agora proibido repassar qualquer custo ao corretor (\u00e1gua, banheiro, publicidade, estrutura etc.) e obrigat\u00f3rio haver essa estrutura m\u00ednima nosplant\u00f5es.<\/td><\/tr><tr><td>Corretores n\u00e3o registrados atuando livremente<\/td><td>Proibida a atua\u00e7\u00e3o de n\u00e3o habilitados; canais virtuais s\u00f3 podem ser administrados por profissionais com CRECI ativo<\/td><\/tr><tr><td>Conflitos entre corretores levados diretamente \u00e0 Justi\u00e7a<\/td><td>Medi\u00e7\u00e3o sindical obrigat\u00f3ria como etapa pr\u00e9via \u00e0 judicializa\u00e7\u00e3o<\/td><\/tr><\/tbody><\/table><\/figure>\n\n\n\n<h2 class=\"wp-block-heading\">\ud83d\udcda <strong>Transpar\u00eancia, profissionalismo e valoriza\u00e7\u00e3o<\/strong><\/h2>\n\n\n\n<p>A conven\u00e7\u00e3o tamb\u00e9m estabelece <strong>regras claras sobre contratos, jornada de trabalho, adicional noturno, f\u00e9rias, aviso pr\u00e9vio especial, estabilidade pr\u00e9-aposentadoria<\/strong>, entre outras garantias fundamentais. Empresas contratantes est\u00e3o agora obrigadas a oferecer conforto t\u00e9rmico em plant\u00f5es, acesso \u00e0 informa\u00e7\u00e3o sobre direitos e manuten\u00e7\u00e3o de documentos para consulta sindical.<\/p>\n\n\n\n<p>Al\u00e9m disso, a conven\u00e7\u00e3o <strong>fortalece a representatividade sindical<\/strong>, ampliando canais de den\u00fancia, garantindo sigilo ao denunciante e promovendo pol\u00edticas contra ass\u00e9dio e discrimina\u00e7\u00e3o<\/p>\n\n\n\n<h2 class=\"wp-block-heading\">\ud83e\udd1d <strong>Pr\u00f3ximos passos: notifica\u00e7\u00f5es e busca por reconhecimento judicial<\/strong><\/h2>\n\n\n\n<p>Ap\u00f3s a aprova\u00e7\u00e3o pela categoria, o sindicato notificar\u00e1 oficialmente a entidade patronal (SECOVI MT) para reconhecimento da conven\u00e7\u00e3o. Caso n\u00e3o haja resposta formal, a pr\u00f3pria assembleia j\u00e1 autorizou o ajuizamento direto do instrumento junto \u00e0 Justi\u00e7a do Trabalho, conforme previs\u00e3o legal da CLT.<\/p>\n\n\n\n<h2 class=\"wp-block-heading\">\ud83d\udce2 <strong>Fortale\u00e7a o sindicato. Defenda seus direitos.<\/strong><\/h2>\n\n\n\n<p>Corretores e corretoras que atuam em Mato Grosso agora t\u00eam, pela primeira vez, um documento leg\u00edtimo que <strong>reconhece sua dignidade profissional, regula suas rela\u00e7\u00f5es de trabalho e assegura direitos<\/strong>. A uni\u00e3o da categoria e a atua\u00e7\u00e3o firme do SINDIM\u00d3VEIS-MT tornaram isso poss\u00edvel.<\/p>\n\n\n\n<p><a href=\"https:\/\/drive.google.com\/drive\/folders\/1DJmda_0c_Lygwp42VaXv7MSDMJ3j9b3T?usp=sharing\" target=\"_blank\" rel=\"noopener\" title=\"\ud83d\udd17 A \u00edntegra da conven\u00e7\u00e3o coletiva est\u00e1 dispon\u00edvel para consulta em nosso site.\">\ud83d\udd17 A \u00edntegra da conven\u00e7\u00e3o coletiva est\u00e1 dispon\u00edvel para consulta em nosso site.<\/a><\/p>\n\n\n\n<p><strong>SINDIM\u00d3VEIS-MT \u2014 Sindicato dos Corretores de Im\u00f3veis do Estado de Mato Grosso<\/strong><\/p>\n\n\n\n<p><\/p>\n        <div class=\"booster-block booster-reactions-block\">\n            <div class=\"twp-reactions-icons\">\n                \n                <div class=\"twp-reacts-wrap\">\n                    <a react-data=\"be-react-1\" post-id=\"1404\" class=\"be-face-icons un-reacted\" href=\"javascript:void(0)\">\n                        <img decoding=\"async\" src=\"https:\/\/sindimoveis.cim.br\/wp-content\/plugins\/booster-extension\/\/assets\/icon\/happy.svg\" alt=\"Happy\">\n                    <\/a>\n                    <div class=\"twp-reaction-title\">\n                        Happy                    <\/div>\n                    <div class=\"twp-count-percent\">\n                                                    <span style=\"display: none;\" class=\"twp-react-count\">0<\/span>\n                        \n                                                <span class=\"twp-react-percent\"><span>0<\/span> %<\/span>\n                                            <\/div>\n                <\/div>\n\n                <div class=\"twp-reacts-wrap\">\n                    <a react-data=\"be-react-2\" post-id=\"1404\" class=\"be-face-icons un-reacted\" href=\"javascript:void(0)\">\n                        <img decoding=\"async\" src=\"https:\/\/sindimoveis.cim.br\/wp-content\/plugins\/booster-extension\/\/assets\/icon\/sad.svg\" alt=\"Sad\">\n                    <\/a>\n                    <div class=\"twp-reaction-title\">\n                        Sad                    <\/div>\n                    <div class=\"twp-count-percent\">\n                                                    <span style=\"display: none;\" class=\"twp-react-count\">0<\/span>\n                                                                        <span class=\"twp-react-percent\"><span>0<\/span> %<\/span>\n                                            <\/div>\n                <\/div>\n\n                <div class=\"twp-reacts-wrap\">\n                    <a react-data=\"be-react-3\" post-id=\"1404\" class=\"be-face-icons un-reacted\" href=\"javascript:void(0)\">\n                        <img decoding=\"async\" src=\"https:\/\/sindimoveis.cim.br\/wp-content\/plugins\/booster-extension\/\/assets\/icon\/excited.svg\" alt=\"Excited\">\n                    <\/a>\n                    <div class=\"twp-reaction-title\">\n                        Excited                    <\/div>\n                    <div class=\"twp-count-percent\">\n                                                    <span style=\"display: none;\" class=\"twp-react-count\">0<\/span>\n                                                                        <span class=\"twp-react-percent\"><span>0<\/span> %<\/span>\n                                            <\/div>\n                <\/div>\n\n                <div class=\"twp-reacts-wrap\">\n                    <a react-data=\"be-react-6\" post-id=\"1404\" class=\"be-face-icons un-reacted\" href=\"javascript:void(0)\">\n                        <img decoding=\"async\" src=\"https:\/\/sindimoveis.cim.br\/wp-content\/plugins\/booster-extension\/\/assets\/icon\/sleepy.svg\" alt=\"Sleepy\">\n                    <\/a>\n                    <div class=\"twp-reaction-title\">\n                        Sleepy                    <\/div>\n                    <div class=\"twp-count-percent\">\n                                                    <span style=\"display: none;\" class=\"twp-react-count\">0<\/span>\n                        \n                                                <span class=\"twp-react-percent\"><span>0<\/span> %<\/span>\n                                            <\/div>\n                <\/div>\n\n                <div class=\"twp-reacts-wrap\">\n                    <a react-data=\"be-react-4\" post-id=\"1404\" class=\"be-face-icons un-reacted\" href=\"javascript:void(0)\">\n                        <img decoding=\"async\" src=\"https:\/\/sindimoveis.cim.br\/wp-content\/plugins\/booster-extension\/\/assets\/icon\/angry.svg\" alt=\"Angry\">\n                    <\/a>\n                    <div class=\"twp-reaction-title\">Angry<\/div>\n                    <div class=\"twp-count-percent\">\n                                                    <span style=\"display: none;\" class=\"twp-react-count\">0<\/span>\n                                                                        <span class=\"twp-react-percent\"><span>0<\/span> %<\/span>\n                        \n                    <\/div>\n                <\/div>\n\n                <div class=\"twp-reacts-wrap\">\n                    <a react-data=\"be-react-5\" post-id=\"1404\" class=\"be-face-icons un-reacted\" href=\"javascript:void(0)\">\n                        <img decoding=\"async\" src=\"https:\/\/sindimoveis.cim.br\/wp-content\/plugins\/booster-extension\/\/assets\/icon\/surprise.svg\" alt=\"Surprise\">\n                    <\/a>\n                    <div class=\"twp-reaction-title\">Surprise<\/div>\n                    <div class=\"twp-count-percent\">\n                                                    <span style=\"display: none;\" class=\"twp-react-count\">0<\/span>\n                                                                        <span class=\"twp-react-percent\"><span>0<\/span> %<\/span>\n                                            <\/div>\n                <\/div>\n\n            <\/div>\n        <\/div>\n\n    ","protected":false},"excerpt":{"rendered":"<p>Documento assegura direitos e fortalece a categoria em todo o Estado de Mato Grosso Em um marco hist\u00f3rico para o setor imobili\u00e1rio mato-grossense, os corretores de im\u00f3veis do Estado aprovaram, por unanimidade, a primeira Conven\u00e7\u00e3o Coletiva de Trabalho (CCT) da categoria. Aprovada em Assembleia Geral Extraordin\u00e1ria realizada no dia 22 de maio de 2025, na [&hellip;]<\/p>\n","protected":false},"author":4,"featured_media":0,"comment_status":"open","ping_status":"open","sticky":false,"template":"","format":"standard","meta":{"om_disable_all_campaigns":false,"_monsterinsights_skip_tracking":false,"_monsterinsights_sitenote_active":false,"_monsterinsights_sitenote_note":"","_monsterinsights_sitenote_category":0,"footnotes":""},"categories":[1],"tags":[],"class_list":["post-1404","post","type-post","status-publish","format-standard","hentry","category-comunicacao-oficial"],"aioseo_notices":[],"_links":{"self":[{"href":"https:\/\/sindimoveis.cim.br\/index.php\/wp-json\/wp\/v2\/posts\/1404","targetHints":{"allow":["GET"]}}],"collection":[{"href":"https:\/\/sindimoveis.cim.br\/index.php\/wp-json\/wp\/v2\/posts"}],"about":[{"href":"https:\/\/sindimoveis.cim.br\/index.php\/wp-json\/wp\/v2\/types\/post"}],"author":[{"embeddable":true,"href":"https:\/\/sindimoveis.cim.br\/index.php\/wp-json\/wp\/v2\/users\/4"}],"replies":[{"embeddable":true,"href":"https:\/\/sindimoveis.cim.br\/index.php\/wp-json\/wp\/v2\/comments?post=1404"}],"version-history":[{"count":2,"href":"https:\/\/sindimoveis.cim.br\/index.php\/wp-json\/wp\/v2\/posts\/1404\/revisions"}],"predecessor-version":[{"id":1406,"href":"https:\/\/sindimoveis.cim.br\/index.php\/wp-json\/wp\/v2\/posts\/1404\/revisions\/1406"}],"wp:attachment":[{"href":"https:\/\/sindimoveis.cim.br\/index.php\/wp-json\/wp\/v2\/media?parent=1404"}],"wp:term":[{"taxonomy":"category","embeddable":true,"href":"https:\/\/sindimoveis.cim.br\/index.php\/wp-json\/wp\/v2\/categories?post=1404"},{"taxonomy":"post_tag","embeddable":true,"href":"https:\/\/sindimoveis.cim.br\/index.php\/wp-json\/wp\/v2\/tags?post=1404"}],"curies":[{"name":"wp","href":"https:\/\/api.w.org\/{rel}","templated":true}]}}