{"id":1398,"date":"2025-05-12T12:49:00","date_gmt":"2025-05-12T16:49:00","guid":{"rendered":"https:\/\/sindimoveis.cim.br\/?p=1398"},"modified":"2025-05-21T12:50:39","modified_gmt":"2025-05-21T16:50:39","slug":"convocacao-para-assembleia-de-votacao-da-primeira-convencao-coletiva-da-categoria-em-mt","status":"publish","type":"post","link":"https:\/\/sindimoveis.cim.br\/index.php\/2025\/05\/12\/convocacao-para-assembleia-de-votacao-da-primeira-convencao-coletiva-da-categoria-em-mt\/","title":{"rendered":"CONVOCA\u00c7\u00c3O para ASSEMBL\u00c9IA de VOTA\u00c7\u00c3O da PRIMEIRA CONVEN\u00c7\u00c3O COLETIVA da CATEGORIA em MT"},"content":{"rendered":"<div class='booster-block booster-read-block'>\n                <div class=\"twp-read-time\">\n                \t<i class=\"booster-icon twp-clock\"><\/i> <span>Read Time:<\/span>57 Second                <\/div>\n\n            <\/div>\n<p><strong>SINDICATO DOS CORRETORES DE IM\u00d3VEIS DO ESTADO DE MATO GROSSO \u2013 SINDIM\u00d3VEIS\/MT<\/strong><br><strong>CNPJ n\u00ba 24.672.784\/0001-62<\/strong><br><strong>EDITAL DE CONVOCA\u00c7\u00c3O DE ASSEMBLEIA GERAL EXTRAORDIN\u00c1RIA<\/strong><\/p>\n\n\n\n<p>O <strong>Sindicato dos Corretores de Im\u00f3veis do Estado de Mato Grosso \u2013 SINDIM\u00d3VEIS\/MT<\/strong>, por seu Presidente, no uso das atribui\u00e7\u00f5es que lhe conferem o Estatuto Social e conforme disposi\u00e7\u00f5es legais vigentes, <strong>CONVOCA todos os Corretores de Im\u00f3veis regularmente inscritos e em dia com suas obriga\u00e7\u00f5es sindicais<\/strong> para participarem da <strong>Assembleia Geral Extraordin\u00e1ria<\/strong>, a ser realizada no dia <strong>22\/05\/2025<\/strong>, \u00e0s <strong>19h00<\/strong>, no endere\u00e7o do sindicato, situada na Rua Tail\u00e2ndia N 883 bairro jardim Shangril\u00e1 cep 78070195, para deliberarem sobre a seguinte:<\/p>\n\n\n\n<h3 class=\"wp-block-heading\"><strong>ORDEM DO DIA:<\/strong><\/h3>\n\n\n\n<ol class=\"wp-block-list\">\n<li>Leitura e aprecia\u00e7\u00e3o da minuta da Conven\u00e7\u00e3o Coletiva de Trabalho 2025\/2026;<\/li>\n\n\n\n<li>Delibera\u00e7\u00e3o e vota\u00e7\u00e3o sobre a aprova\u00e7\u00e3o da Conven\u00e7\u00e3o Coletiva de Trabalho proposta;<\/li>\n\n\n\n<li>Autoriza\u00e7\u00e3o para celebra\u00e7\u00e3o da CCT com o sindicato patronal (SECOVI-MT ou outro, se aplic\u00e1vel);<\/li>\n\n\n\n<li>Assuntos gerais de interesse da categoria.<\/li>\n<\/ol>\n\n\n\n<p><strong>Caso n\u00e3o haja qu\u00f3rum suficiente na primeira convoca\u00e7\u00e3o<\/strong>, a assembleia ser\u00e1 realizada, em <strong>segunda convoca\u00e7\u00e3o<\/strong>, 30 (trinta) minutos ap\u00f3s, com qualquer n\u00famero de presentes.<\/p>\n\n\n\n<p>Cuiab\u00e1\/MT, 12 maio de 2025<\/p>\n\n\n\n<p><strong>Juliano Lobato Evangelista<\/strong><br>Presidente \u2013 SINDIM\u00d3VEIS\/MT<br><\/p>\n        <div class=\"booster-block booster-reactions-block\">\n            <div class=\"twp-reactions-icons\">\n                \n                <div class=\"twp-reacts-wrap\">\n                    <a react-data=\"be-react-1\" post-id=\"1398\" class=\"be-face-icons un-reacted\" href=\"javascript:void(0)\">\n                        <img decoding=\"async\" src=\"https:\/\/sindimoveis.cim.br\/wp-content\/plugins\/booster-extension\/\/assets\/icon\/happy.svg\" alt=\"Happy\">\n                    <\/a>\n                    <div class=\"twp-reaction-title\">\n                        Happy                    <\/div>\n                    <div class=\"twp-count-percent\">\n                                                    <span style=\"display: none;\" class=\"twp-react-count\">0<\/span>\n                        \n                                                <span class=\"twp-react-percent\"><span>0<\/span> %<\/span>\n                                            <\/div>\n                <\/div>\n\n                <div class=\"twp-reacts-wrap\">\n                    <a react-data=\"be-react-2\" post-id=\"1398\" class=\"be-face-icons un-reacted\" href=\"javascript:void(0)\">\n                        <img decoding=\"async\" src=\"https:\/\/sindimoveis.cim.br\/wp-content\/plugins\/booster-extension\/\/assets\/icon\/sad.svg\" alt=\"Sad\">\n                    <\/a>\n                    <div class=\"twp-reaction-title\">\n                        Sad                    <\/div>\n                    <div class=\"twp-count-percent\">\n                                                    <span style=\"display: none;\" class=\"twp-react-count\">0<\/span>\n                                                                        <span class=\"twp-react-percent\"><span>0<\/span> %<\/span>\n                                            <\/div>\n                <\/div>\n\n                <div class=\"twp-reacts-wrap\">\n                    <a react-data=\"be-react-3\" post-id=\"1398\" class=\"be-face-icons un-reacted\" href=\"javascript:void(0)\">\n                        <img decoding=\"async\" src=\"https:\/\/sindimoveis.cim.br\/wp-content\/plugins\/booster-extension\/\/assets\/icon\/excited.svg\" alt=\"Excited\">\n                    <\/a>\n                    <div class=\"twp-reaction-title\">\n                        Excited                    <\/div>\n                    <div class=\"twp-count-percent\">\n                                                    <span style=\"display: none;\" class=\"twp-react-count\">0<\/span>\n                                                                        <span class=\"twp-react-percent\"><span>0<\/span> %<\/span>\n                                            <\/div>\n                <\/div>\n\n                <div class=\"twp-reacts-wrap\">\n                    <a react-data=\"be-react-6\" post-id=\"1398\" class=\"be-face-icons un-reacted\" href=\"javascript:void(0)\">\n                        <img decoding=\"async\" src=\"https:\/\/sindimoveis.cim.br\/wp-content\/plugins\/booster-extension\/\/assets\/icon\/sleepy.svg\" alt=\"Sleepy\">\n                    <\/a>\n                    <div class=\"twp-reaction-title\">\n                        Sleepy                    <\/div>\n                    <div class=\"twp-count-percent\">\n                                                    <span style=\"display: none;\" class=\"twp-react-count\">0<\/span>\n                        \n                                                <span class=\"twp-react-percent\"><span>0<\/span> %<\/span>\n                                            <\/div>\n                <\/div>\n\n                <div class=\"twp-reacts-wrap\">\n                    <a react-data=\"be-react-4\" post-id=\"1398\" class=\"be-face-icons un-reacted\" href=\"javascript:void(0)\">\n                        <img decoding=\"async\" src=\"https:\/\/sindimoveis.cim.br\/wp-content\/plugins\/booster-extension\/\/assets\/icon\/angry.svg\" alt=\"Angry\">\n                    <\/a>\n                    <div class=\"twp-reaction-title\">Angry<\/div>\n                    <div class=\"twp-count-percent\">\n                                                    <span style=\"display: none;\" class=\"twp-react-count\">0<\/span>\n                                                                        <span class=\"twp-react-percent\"><span>0<\/span> %<\/span>\n                        \n                    <\/div>\n                <\/div>\n\n                <div class=\"twp-reacts-wrap\">\n                    <a react-data=\"be-react-5\" post-id=\"1398\" class=\"be-face-icons un-reacted\" href=\"javascript:void(0)\">\n                        <img decoding=\"async\" src=\"https:\/\/sindimoveis.cim.br\/wp-content\/plugins\/booster-extension\/\/assets\/icon\/surprise.svg\" alt=\"Surprise\">\n                    <\/a>\n                    <div class=\"twp-reaction-title\">Surprise<\/div>\n                    <div class=\"twp-count-percent\">\n                                                    <span style=\"display: none;\" class=\"twp-react-count\">0<\/span>\n                                                                        <span class=\"twp-react-percent\"><span>0<\/span> %<\/span>\n                                            <\/div>\n                <\/div>\n\n            <\/div>\n        <\/div>\n\n    ","protected":false},"excerpt":{"rendered":"<p>SINDICATO DOS CORRETORES DE IM\u00d3VEIS DO ESTADO DE MATO GROSSO \u2013 SINDIM\u00d3VEIS\/MTCNPJ n\u00ba 24.672.784\/0001-62EDITAL DE CONVOCA\u00c7\u00c3O DE ASSEMBLEIA GERAL EXTRAORDIN\u00c1RIA O Sindicato dos Corretores de Im\u00f3veis do Estado de Mato Grosso \u2013 SINDIM\u00d3VEIS\/MT, por seu Presidente, no uso das atribui\u00e7\u00f5es que lhe conferem o Estatuto Social e conforme disposi\u00e7\u00f5es legais vigentes, CONVOCA todos os Corretores [&hellip;]<\/p>\n","protected":false},"author":4,"featured_media":0,"comment_status":"open","ping_status":"open","sticky":false,"template":"","format":"standard","meta":{"om_disable_all_campaigns":false,"_monsterinsights_skip_tracking":false,"_monsterinsights_sitenote_active":false,"_monsterinsights_sitenote_note":"","_monsterinsights_sitenote_category":0,"footnotes":""},"categories":[5],"tags":[],"class_list":["post-1398","post","type-post","status-publish","format-standard","hentry","category-publicacoes-oficiais"],"aioseo_notices":[],"_links":{"self":[{"href":"https:\/\/sindimoveis.cim.br\/index.php\/wp-json\/wp\/v2\/posts\/1398","targetHints":{"allow":["GET"]}}],"collection":[{"href":"https:\/\/sindimoveis.cim.br\/index.php\/wp-json\/wp\/v2\/posts"}],"about":[{"href":"https:\/\/sindimoveis.cim.br\/index.php\/wp-json\/wp\/v2\/types\/post"}],"author":[{"embeddable":true,"href":"https:\/\/sindimoveis.cim.br\/index.php\/wp-json\/wp\/v2\/users\/4"}],"replies":[{"embeddable":true,"href":"https:\/\/sindimoveis.cim.br\/index.php\/wp-json\/wp\/v2\/comments?post=1398"}],"version-history":[{"count":2,"href":"https:\/\/sindimoveis.cim.br\/index.php\/wp-json\/wp\/v2\/posts\/1398\/revisions"}],"predecessor-version":[{"id":1400,"href":"https:\/\/sindimoveis.cim.br\/index.php\/wp-json\/wp\/v2\/posts\/1398\/revisions\/1400"}],"wp:attachment":[{"href":"https:\/\/sindimoveis.cim.br\/index.php\/wp-json\/wp\/v2\/media?parent=1398"}],"wp:term":[{"taxonomy":"category","embeddable":true,"href":"https:\/\/sindimoveis.cim.br\/index.php\/wp-json\/wp\/v2\/categories?post=1398"},{"taxonomy":"post_tag","embeddable":true,"href":"https:\/\/sindimoveis.cim.br\/index.php\/wp-json\/wp\/v2\/tags?post=1398"}],"curies":[{"name":"wp","href":"https:\/\/api.w.org\/{rel}","templated":true}]}}