{"id":1285,"date":"2025-02-04T09:23:00","date_gmt":"2025-02-04T13:23:00","guid":{"rendered":"https:\/\/sindimoveis.cim.br\/?p=1285"},"modified":"2025-02-07T11:27:00","modified_gmt":"2025-02-07T15:27:00","slug":"edital-de-convocacao-de-assembleia-geral-extraordinaria","status":"publish","type":"post","link":"https:\/\/sindimoveis.cim.br\/index.php\/2025\/02\/04\/edital-de-convocacao-de-assembleia-geral-extraordinaria\/","title":{"rendered":"Edital de convoca\u00e7\u00e3o de ASSEMBL\u00c9IA GERAL EXTRAORDIN\u00c1RIA"},"content":{"rendered":"<div class='booster-block booster-read-block'>\n                <div class=\"twp-read-time\">\n                \t<i class=\"booster-icon twp-clock\"><\/i> <span>Read Time:<\/span>1 Minute, 8 Second                <\/div>\n\n            <\/div>\n<p>EDITAL DE CONVOCA\u00c7\u00c3O<\/p>\n\n\n\n<p>Pelo presente EDITAL, O SINDICATO DOS CORRETORES DE IM\u00d3VEIS DO MT, na forma do art. 39 de seu Estatuto Social, CONVOCA seus filiados em dia com suas obriga\u00e7\u00f5es sindicais e em gozo de seus direitos, a se fazerem presentes \u00e0 Assembleia Geral Extraordin\u00e1ria, a realizar-se no dia 10 de Fevereiro de 2025, na Rua Bar\u00e3o de Melga\u00e7o, n. 70, Centro Sul, Cuiab\u00e1 &#8211; MT, facultado aos interessados a participa\u00e7\u00e3o virtual, desde que seja solicitado com anteced\u00eancia de at\u00e9 dois dias da assembleia, por meio do email: mt@sindimoveis.cim.br, com link de acesso para uma sala virtual no aplicativo google meet, a ser criado e enviado at\u00e9 o in\u00edcio da assembleia, em 1\u00aa convoca\u00e7\u00e3o \u00e0s 14:00 ou em 2\u00aa convoca\u00e7\u00e3o \u00e0s 14:30, para deliberar sobre a seguinte <strong>ORDEM DO DIA<\/strong>:<\/p>\n\n\n\n<ul class=\"wp-block-list\">\n<li> 1) Conv\u00eanio e implementa\u00e7\u00e3o do Corretor Associado &#8211; art. 6\u00aa da Lei 6.530\/78; <\/li>\n\n\n\n<li>2) Processos Judiciais em andamento tendo como parte o Sindim\u00f3veis-MT e seu Presidente;<\/li>\n\n\n\n<li> 3) Presta\u00e7\u00e3o de Contas conclu\u00eddas at\u00e9 a data da assembleia; <\/li>\n\n\n\n<li>4) Regulariza\u00e7\u00e3o da representa\u00e7\u00e3o do Sindicato perante ao MTE;<\/li>\n\n\n\n<li> 5) Pedidos de novas filia\u00e7\u00f5es para a inclus\u00e3o na lista de sindicalizados; <\/li>\n\n\n\n<li>6) nomea\u00e7\u00e3o de comiss\u00e3o julgadora para condu\u00e7\u00e3o dos trabalhos e apura\u00e7\u00f5es para a promo\u00e7\u00e3o de sindic\u00e2ncias e provid\u00eancias de den\u00fancias.<\/li>\n<\/ul>\n\n\n\n<p>Cuiab\u00e1\/MT, 04 de Fevereiro de 2025.<\/p>\n\n\n\n<p>Juliano Lobato Evangelista<br>Presidente<\/p>\n\n\n\n<p><\/p>\n        <div class=\"booster-block booster-reactions-block\">\n            <div class=\"twp-reactions-icons\">\n                \n                <div class=\"twp-reacts-wrap\">\n                    <a react-data=\"be-react-1\" post-id=\"1285\" class=\"be-face-icons un-reacted\" href=\"javascript:void(0)\">\n                        <img decoding=\"async\" src=\"https:\/\/sindimoveis.cim.br\/wp-content\/plugins\/booster-extension\/\/assets\/icon\/happy.svg\" alt=\"Happy\">\n                    <\/a>\n                    <div class=\"twp-reaction-title\">\n                        Happy                    <\/div>\n                    <div class=\"twp-count-percent\">\n                                                    <span style=\"display: none;\" class=\"twp-react-count\">0<\/span>\n                        \n                                                <span class=\"twp-react-percent\"><span>0<\/span> %<\/span>\n                                            <\/div>\n                <\/div>\n\n                <div class=\"twp-reacts-wrap\">\n                    <a react-data=\"be-react-2\" post-id=\"1285\" class=\"be-face-icons un-reacted\" href=\"javascript:void(0)\">\n                        <img decoding=\"async\" src=\"https:\/\/sindimoveis.cim.br\/wp-content\/plugins\/booster-extension\/\/assets\/icon\/sad.svg\" alt=\"Sad\">\n                    <\/a>\n                    <div class=\"twp-reaction-title\">\n                        Sad                    <\/div>\n                    <div class=\"twp-count-percent\">\n                                                    <span style=\"display: none;\" class=\"twp-react-count\">0<\/span>\n                                                                        <span class=\"twp-react-percent\"><span>0<\/span> %<\/span>\n                                            <\/div>\n                <\/div>\n\n                <div class=\"twp-reacts-wrap\">\n                    <a react-data=\"be-react-3\" post-id=\"1285\" class=\"be-face-icons un-reacted\" href=\"javascript:void(0)\">\n                        <img decoding=\"async\" src=\"https:\/\/sindimoveis.cim.br\/wp-content\/plugins\/booster-extension\/\/assets\/icon\/excited.svg\" alt=\"Excited\">\n                    <\/a>\n                    <div class=\"twp-reaction-title\">\n                        Excited                    <\/div>\n                    <div class=\"twp-count-percent\">\n                                                    <span style=\"display: none;\" class=\"twp-react-count\">0<\/span>\n                                                                        <span class=\"twp-react-percent\"><span>0<\/span> %<\/span>\n                                            <\/div>\n                <\/div>\n\n                <div class=\"twp-reacts-wrap\">\n                    <a react-data=\"be-react-6\" post-id=\"1285\" class=\"be-face-icons un-reacted\" href=\"javascript:void(0)\">\n                        <img decoding=\"async\" src=\"https:\/\/sindimoveis.cim.br\/wp-content\/plugins\/booster-extension\/\/assets\/icon\/sleepy.svg\" alt=\"Sleepy\">\n                    <\/a>\n                    <div class=\"twp-reaction-title\">\n                        Sleepy                    <\/div>\n                    <div class=\"twp-count-percent\">\n                                                    <span style=\"display: none;\" class=\"twp-react-count\">0<\/span>\n                        \n                                                <span class=\"twp-react-percent\"><span>0<\/span> %<\/span>\n                                            <\/div>\n                <\/div>\n\n                <div class=\"twp-reacts-wrap\">\n                    <a react-data=\"be-react-4\" post-id=\"1285\" class=\"be-face-icons un-reacted\" href=\"javascript:void(0)\">\n                        <img decoding=\"async\" src=\"https:\/\/sindimoveis.cim.br\/wp-content\/plugins\/booster-extension\/\/assets\/icon\/angry.svg\" alt=\"Angry\">\n                    <\/a>\n                    <div class=\"twp-reaction-title\">Angry<\/div>\n                    <div class=\"twp-count-percent\">\n                                                    <span style=\"display: none;\" class=\"twp-react-count\">0<\/span>\n                                                                        <span class=\"twp-react-percent\"><span>0<\/span> %<\/span>\n                        \n                    <\/div>\n                <\/div>\n\n                <div class=\"twp-reacts-wrap\">\n                    <a react-data=\"be-react-5\" post-id=\"1285\" class=\"be-face-icons un-reacted\" href=\"javascript:void(0)\">\n                        <img decoding=\"async\" src=\"https:\/\/sindimoveis.cim.br\/wp-content\/plugins\/booster-extension\/\/assets\/icon\/surprise.svg\" alt=\"Surprise\">\n                    <\/a>\n                    <div class=\"twp-reaction-title\">Surprise<\/div>\n                    <div class=\"twp-count-percent\">\n                                                    <span style=\"display: none;\" class=\"twp-react-count\">0<\/span>\n                                                                        <span class=\"twp-react-percent\"><span>0<\/span> %<\/span>\n                                            <\/div>\n                <\/div>\n\n            <\/div>\n        <\/div>\n\n    ","protected":false},"excerpt":{"rendered":"<p>EDITAL DE CONVOCA\u00c7\u00c3O Pelo presente EDITAL, O SINDICATO DOS CORRETORES DE IM\u00d3VEIS DO MT, na forma do art. 39 de seu Estatuto Social, CONVOCA seus filiados em dia com suas obriga\u00e7\u00f5es sindicais e em gozo de seus direitos, a se fazerem presentes \u00e0 Assembleia Geral Extraordin\u00e1ria, a realizar-se no dia 10 de Fevereiro de 2025, [&hellip;]<\/p>\n","protected":false},"author":4,"featured_media":0,"comment_status":"open","ping_status":"open","sticky":false,"template":"","format":"standard","meta":{"om_disable_all_campaigns":false,"_monsterinsights_skip_tracking":false,"_monsterinsights_sitenote_active":false,"_monsterinsights_sitenote_note":"","_monsterinsights_sitenote_category":0,"footnotes":""},"categories":[5],"tags":[],"class_list":["post-1285","post","type-post","status-publish","format-standard","hentry","category-publicacoes-oficiais"],"aioseo_notices":[],"_links":{"self":[{"href":"https:\/\/sindimoveis.cim.br\/index.php\/wp-json\/wp\/v2\/posts\/1285","targetHints":{"allow":["GET"]}}],"collection":[{"href":"https:\/\/sindimoveis.cim.br\/index.php\/wp-json\/wp\/v2\/posts"}],"about":[{"href":"https:\/\/sindimoveis.cim.br\/index.php\/wp-json\/wp\/v2\/types\/post"}],"author":[{"embeddable":true,"href":"https:\/\/sindimoveis.cim.br\/index.php\/wp-json\/wp\/v2\/users\/4"}],"replies":[{"embeddable":true,"href":"https:\/\/sindimoveis.cim.br\/index.php\/wp-json\/wp\/v2\/comments?post=1285"}],"version-history":[{"count":2,"href":"https:\/\/sindimoveis.cim.br\/index.php\/wp-json\/wp\/v2\/posts\/1285\/revisions"}],"predecessor-version":[{"id":1288,"href":"https:\/\/sindimoveis.cim.br\/index.php\/wp-json\/wp\/v2\/posts\/1285\/revisions\/1288"}],"wp:attachment":[{"href":"https:\/\/sindimoveis.cim.br\/index.php\/wp-json\/wp\/v2\/media?parent=1285"}],"wp:term":[{"taxonomy":"category","embeddable":true,"href":"https:\/\/sindimoveis.cim.br\/index.php\/wp-json\/wp\/v2\/categories?post=1285"},{"taxonomy":"post_tag","embeddable":true,"href":"https:\/\/sindimoveis.cim.br\/index.php\/wp-json\/wp\/v2\/tags?post=1285"}],"curies":[{"name":"wp","href":"https:\/\/api.w.org\/{rel}","templated":true}]}}