{"id":1256,"date":"2025-01-31T22:47:20","date_gmt":"2025-02-01T02:47:20","guid":{"rendered":"https:\/\/sindimoveis.cim.br\/?p=1256"},"modified":"2025-01-31T23:32:19","modified_gmt":"2025-02-01T03:32:19","slug":"medida-protetiva-de-funcionaria-do-creci-mt-e-derrubada-com-qual-objetivo","status":"publish","type":"post","link":"https:\/\/sindimoveis.cim.br\/index.php\/2025\/01\/31\/medida-protetiva-de-funcionaria-do-creci-mt-e-derrubada-com-qual-objetivo\/","title":{"rendered":"Medida protetiva de funcion\u00e1ria do CRECI MT \u00e9 DERRUBADA ! COM QUAL OBJETIVO ?"},"content":{"rendered":"<div class='booster-block booster-read-block'>\n                <div class=\"twp-read-time\">\n                \t<i class=\"booster-icon twp-clock\"><\/i> <span>Read Time:<\/span>2 Minute, 52 Second                <\/div>\n\n            <\/div>\n<p><strong>Agora fica uma pergunta no Ar:  Por que comemorar tanto a derrubada de uma Medida Protetiva que Buscava t\u00e3o simplesmente dar sensa\u00e7\u00e3o de prote\u00e7\u00e3o e seguran\u00e7a para uma ex servidora de confian\u00e7a  acuada?<\/strong><\/p>\n\n\n\n<p>Quando uma mulher decide buscar a prote\u00e7\u00e3o judicial, \u00e9 porque seu senso de seguran\u00e7a foi brutalmente abalado. Ningu\u00e9m tem bola de cristal para adivinhar at\u00e9 onde podem chegar as inten\u00e7\u00f5es de uma pessoa completamente estranha, mas de quem se j\u00e1 foi intimo \u00e9 mais f\u00e1cil prever e se preocupar. Nenhuma Institui\u00e7\u00e3o, especialmente a pr\u00f3pria Justi\u00e7a, deveria negar a uma mulher acuada o direito de poder delimitar um per\u00edmetro de espa\u00e7o-ambiente onde ela n\u00e3o se sinta vulner\u00e1vel, isolada e amea\u00e7ada.<\/p>\n\n\n\n<p>Ocorre que deveria ser \u00f3bvio entender que quem melhor conhece uma pessoa n\u00e3o \u00e9 o p\u00fablico que a observa de longe, mas sim aqueles que trabalham diariamente ao seu lado. Um assessor de confian\u00e7a \u00e9 a pessoa que est\u00e1 presente nos bastidores, \u00e9 quem v\u00ea as nuances do comportamento que muitas vezes n\u00e3o s\u00e3o expostas ao p\u00fablico e n\u00e3o apenas a imagem projetada nas mensagens publicit\u00e1rias. Se a verdadeira face de algu\u00e9m s\u00f3 se enxerga com a conviv\u00eancia e a proximidade ent\u00e3o quem n\u00e3o estava nos bastidores dos di\u00e1logos entre duas pessoas n\u00e3o tem condi\u00e7\u00f5es de opinar sobre os julgamentos que cada um deles faz do outro. Ningu\u00e9m nunca saber\u00e1 o que uma pessoa promete \u00e0 outra caso algo saia do esperado, de igual forma <strong>causa estranheza a not\u00edcia de que uma pessoa n\u00e3o queira que a outra se sinta protegida<\/strong>. Qual o sentido para eliminar uma medida protetiva ? <strong>o que pode estar em jogo aqui?<\/strong><\/p>\n\n\n\n<p>Se, como alegado, n\u00e3o havia nenhuma inten\u00e7\u00e3o de prejudicar, porque reverter uma decis\u00e3o que visava apenas proteger ? Se a acusa\u00e7\u00e3o foi fruto de um devaneio, por que temer o que possa vir \u00e0 tona? <strong>Por que garantir a possibilidade de se aproximar novamente de uma mulher que busca se afastar por medo ?<\/strong><\/p>\n\n\n\n<p>A a\u00e7\u00e3o de quebrar uma medida protetiva nos leva a questionar: <strong>em um ambiente de trabalho, onde o respeito deveria ser a base de todas as rela\u00e7\u00f5es, a prioridade deveria ser sempre proteger as v\u00edtimas, e n\u00e3o desconstruir seus esfor\u00e7os de autoprote\u00e7\u00e3o.<\/strong><\/p>\n\n\n\n<p>Para completar, n\u00e3o \u00e9 a primeira vez que atitudes question\u00e1veis emergem do lado de quem comemora o fim da medida protetiva. <strong>Pessoas ligadas a essa mesma administra\u00e7\u00e3o j\u00e1 agrediram fisicamente um corretor de im\u00f3veis dentro da pr\u00f3pria autarquia<\/strong> e, at\u00e9 hoje, nada foi feito. <strong>Portanto, o questionamento \u00e9 inevit\u00e1vel: qual o motivo para derrubar essa medida? <\/strong>O CRECI MT deveria ser o primeiro a LUTAR pela continuidade desta MEDIDA PROTETIVA ! Por\u00e9m o sil\u00eancio da atual gest\u00e3o da autarquia dos Corretores de Im\u00f3veis em Mato Grosso quanto aos \u00faltimos epis\u00f3dios de agress\u00f5es contra corretor e funcion\u00e1rias nos induz a crer que talvez estejamos presenciando epis\u00f3dios de abuso de poder, mascarados por tentativa de silenciamento ? Esperamos que n\u00e3o !<\/p>\n\n\n\n<p>E como interpretar a tentativa de imputar <strong>PERSEGUI\u00c7\u00c3O POL\u00cdTICA<\/strong> a um fato ocorrido internamente, dentro da viv\u00eancia do cotidiano da pr\u00f3pria gest\u00e3o ?  Isso sim \u00e9 pura insanidade, j\u00e1 que n\u00e3o existe amigo maior do que aquele que exige explica\u00e7\u00f5es sobre os erros cometidos, justamente para evitar que eles voltem a ocorrer !<\/p>\n\n\n\n<p>Ao refletirmos sobre essas quest\u00f5es, \u00e9 importante lembrarmos da import\u00e2ncia de acolher e proteger quem se sente amea\u00e7ado, e que o esfor\u00e7o desproporcional para deslegitimar a dor de uma v\u00edtima pode ser um sinal de algo mais profundo e preocupante.<\/p>\n\n\n\n<p><\/p>\n\n\n\n<p><em>Artigo de Juliano Lobato<\/em><br><\/p>\n        <div class=\"booster-block booster-reactions-block\">\n            <div class=\"twp-reactions-icons\">\n                \n                <div class=\"twp-reacts-wrap\">\n                    <a react-data=\"be-react-1\" post-id=\"1256\" class=\"be-face-icons un-reacted\" href=\"javascript:void(0)\">\n                        <img decoding=\"async\" src=\"https:\/\/sindimoveis.cim.br\/wp-content\/plugins\/booster-extension\/\/assets\/icon\/happy.svg\" alt=\"Happy\">\n                    <\/a>\n                    <div class=\"twp-reaction-title\">\n                        Happy                    <\/div>\n                    <div class=\"twp-count-percent\">\n                                                    <span style=\"display: none;\" class=\"twp-react-count\">0<\/span>\n                        \n                                                <span class=\"twp-react-percent\"><span>0<\/span> %<\/span>\n                                            <\/div>\n                <\/div>\n\n                <div class=\"twp-reacts-wrap\">\n                    <a react-data=\"be-react-2\" post-id=\"1256\" class=\"be-face-icons un-reacted\" href=\"javascript:void(0)\">\n                        <img decoding=\"async\" src=\"https:\/\/sindimoveis.cim.br\/wp-content\/plugins\/booster-extension\/\/assets\/icon\/sad.svg\" alt=\"Sad\">\n                    <\/a>\n                    <div class=\"twp-reaction-title\">\n                        Sad                    <\/div>\n                    <div class=\"twp-count-percent\">\n                                                    <span style=\"display: none;\" class=\"twp-react-count\">0<\/span>\n                                                                        <span class=\"twp-react-percent\"><span>0<\/span> %<\/span>\n                                            <\/div>\n                <\/div>\n\n                <div class=\"twp-reacts-wrap\">\n                    <a react-data=\"be-react-3\" post-id=\"1256\" class=\"be-face-icons un-reacted\" href=\"javascript:void(0)\">\n                        <img decoding=\"async\" src=\"https:\/\/sindimoveis.cim.br\/wp-content\/plugins\/booster-extension\/\/assets\/icon\/excited.svg\" alt=\"Excited\">\n                    <\/a>\n                    <div class=\"twp-reaction-title\">\n                        Excited                    <\/div>\n                    <div class=\"twp-count-percent\">\n                                                    <span style=\"display: none;\" class=\"twp-react-count\">0<\/span>\n                                                                        <span class=\"twp-react-percent\"><span>0<\/span> %<\/span>\n                                            <\/div>\n                <\/div>\n\n                <div class=\"twp-reacts-wrap\">\n                    <a react-data=\"be-react-6\" post-id=\"1256\" class=\"be-face-icons un-reacted\" href=\"javascript:void(0)\">\n                        <img decoding=\"async\" src=\"https:\/\/sindimoveis.cim.br\/wp-content\/plugins\/booster-extension\/\/assets\/icon\/sleepy.svg\" alt=\"Sleepy\">\n                    <\/a>\n                    <div class=\"twp-reaction-title\">\n                        Sleepy                    <\/div>\n                    <div class=\"twp-count-percent\">\n                                                    <span style=\"display: none;\" class=\"twp-react-count\">0<\/span>\n                        \n                                                <span class=\"twp-react-percent\"><span>0<\/span> %<\/span>\n                                            <\/div>\n                <\/div>\n\n                <div class=\"twp-reacts-wrap\">\n                    <a react-data=\"be-react-4\" post-id=\"1256\" class=\"be-face-icons un-reacted\" href=\"javascript:void(0)\">\n                        <img decoding=\"async\" src=\"https:\/\/sindimoveis.cim.br\/wp-content\/plugins\/booster-extension\/\/assets\/icon\/angry.svg\" alt=\"Angry\">\n                    <\/a>\n                    <div class=\"twp-reaction-title\">Angry<\/div>\n                    <div class=\"twp-count-percent\">\n                                                    <span style=\"display: none;\" class=\"twp-react-count\">0<\/span>\n                                                                        <span class=\"twp-react-percent\"><span>0<\/span> %<\/span>\n                        \n                    <\/div>\n                <\/div>\n\n                <div class=\"twp-reacts-wrap\">\n                    <a react-data=\"be-react-5\" post-id=\"1256\" class=\"be-face-icons un-reacted\" href=\"javascript:void(0)\">\n                        <img decoding=\"async\" src=\"https:\/\/sindimoveis.cim.br\/wp-content\/plugins\/booster-extension\/\/assets\/icon\/surprise.svg\" alt=\"Surprise\">\n                    <\/a>\n                    <div class=\"twp-reaction-title\">Surprise<\/div>\n                    <div class=\"twp-count-percent\">\n                                                    <span style=\"display: none;\" class=\"twp-react-count\">0<\/span>\n                                                                        <span class=\"twp-react-percent\"><span>0<\/span> %<\/span>\n                                            <\/div>\n                <\/div>\n\n            <\/div>\n        <\/div>\n\n    ","protected":false},"excerpt":{"rendered":"<p>Agora fica uma pergunta no Ar: Por que comemorar tanto a derrubada de uma Medida Protetiva que Buscava t\u00e3o simplesmente dar sensa\u00e7\u00e3o de prote\u00e7\u00e3o e seguran\u00e7a para uma ex servidora de confian\u00e7a acuada? Quando uma mulher decide buscar a prote\u00e7\u00e3o judicial, \u00e9 porque seu senso de seguran\u00e7a foi brutalmente abalado. Ningu\u00e9m tem bola de cristal [&hellip;]<\/p>\n","protected":false},"author":4,"featured_media":0,"comment_status":"open","ping_status":"open","sticky":false,"template":"","format":"standard","meta":{"om_disable_all_campaigns":false,"_monsterinsights_skip_tracking":false,"_monsterinsights_sitenote_active":false,"_monsterinsights_sitenote_note":"","_monsterinsights_sitenote_category":0,"footnotes":""},"categories":[2],"tags":[],"class_list":["post-1256","post","type-post","status-publish","format-standard","hentry","category-artigo"],"aioseo_notices":[],"_links":{"self":[{"href":"https:\/\/sindimoveis.cim.br\/index.php\/wp-json\/wp\/v2\/posts\/1256","targetHints":{"allow":["GET"]}}],"collection":[{"href":"https:\/\/sindimoveis.cim.br\/index.php\/wp-json\/wp\/v2\/posts"}],"about":[{"href":"https:\/\/sindimoveis.cim.br\/index.php\/wp-json\/wp\/v2\/types\/post"}],"author":[{"embeddable":true,"href":"https:\/\/sindimoveis.cim.br\/index.php\/wp-json\/wp\/v2\/users\/4"}],"replies":[{"embeddable":true,"href":"https:\/\/sindimoveis.cim.br\/index.php\/wp-json\/wp\/v2\/comments?post=1256"}],"version-history":[{"count":15,"href":"https:\/\/sindimoveis.cim.br\/index.php\/wp-json\/wp\/v2\/posts\/1256\/revisions"}],"predecessor-version":[{"id":1284,"href":"https:\/\/sindimoveis.cim.br\/index.php\/wp-json\/wp\/v2\/posts\/1256\/revisions\/1284"}],"wp:attachment":[{"href":"https:\/\/sindimoveis.cim.br\/index.php\/wp-json\/wp\/v2\/media?parent=1256"}],"wp:term":[{"taxonomy":"category","embeddable":true,"href":"https:\/\/sindimoveis.cim.br\/index.php\/wp-json\/wp\/v2\/categories?post=1256"},{"taxonomy":"post_tag","embeddable":true,"href":"https:\/\/sindimoveis.cim.br\/index.php\/wp-json\/wp\/v2\/tags?post=1256"}],"curies":[{"name":"wp","href":"https:\/\/api.w.org\/{rel}","templated":true}]}}