{"id":1160,"date":"2025-01-15T22:38:25","date_gmt":"2025-01-16T02:38:25","guid":{"rendered":"https:\/\/sindimoveis.cim.br\/?p=1160"},"modified":"2025-01-20T22:24:44","modified_gmt":"2025-01-21T02:24:44","slug":"edital-de-convocacao-de-reuniao-de-diretoria-do-sindimoveis-mt-em-20-01-2024","status":"publish","type":"post","link":"https:\/\/sindimoveis.cim.br\/index.php\/2025\/01\/15\/edital-de-convocacao-de-reuniao-de-diretoria-do-sindimoveis-mt-em-20-01-2024\/","title":{"rendered":"EDITAL DE CONVOCA\u00c7\u00c3O DE REUNI\u00c3O DE DIRETORIA DO SINDIM\u00d3VEIS MT em 20\/01\/2024"},"content":{"rendered":"<div class='booster-block booster-read-block'>\n                <div class=\"twp-read-time\">\n                \t<i class=\"booster-icon twp-clock\"><\/i> <span>Read Time:<\/span>1 Minute, 42 Second                <\/div>\n\n            <\/div>\n<p>O <strong>Sindicato dos Corretores de Im\u00f3veis do Estado de Mato Grosso &#8211; SINDIM\u00d3VEIS MT<\/strong>, na pessoa de seu Presidente, <strong>Juliano Lobato Evangelista<\/strong>, nos termos do Estatuto Social do Sindicato, <strong>convoca todos os membros eleitos da Diretoria Executiva, &nbsp;do Conselho Fiscal<\/strong> e da <strong>Representa\u00e7\u00e3o em MT da FENACI<\/strong> para a <strong>Reuni\u00e3o de Diretoria<\/strong>, com o objetivo de <strong>aprovar a listagem de sindicalizados ao SINDIM\u00d3VEIS MT<\/strong>, conforme previsto no rito ordin\u00e1rio estabelecido pelo Estatuto.<\/p>\n\n\n\n<p>A reuni\u00e3o ser\u00e1 realizada na <strong>segunda-feira, dia 20\/01\/2024 \u00e0s 19hs,<\/strong> de forma semipresencial no endere\u00e7o \u00e0 Rua Oriente Tenuta, 166 &#8211; Consil, Cuiab\u00e1, com link de acesso para uma sala virtual no aplicativo whatsapp criado como Sala de reuni\u00f5es virtuais do SINDIM\u00d3VEIS MT, cujo link foi enviado por mensagem privada aos convocados.<\/p>\n\n\n\n<p>Membros Convocados:<\/p>\n\n\n\n<p>PRESIDENTE: <strong>Juliano Lobato Evangelista<\/strong> &#8211; CRECI\/MT n\u00ba 5407<br>1\u00ba VICE-PRESIDENTE: <strong>Thiago Volpato Mingonetti<\/strong> &#8211; CRECI\/MT n\u00ba 6869<br>1\u00ba SECRET\u00c1RIO: <strong>Luciano Carvalho do Nascimento<\/strong> &#8211; CRECI\/MT n\u00ba 9211<br>1\u00ba TESOUREIRO: <strong>Euclides Lemos da Silva Neto<\/strong> &#8211; CRECI\/MT n\u00ba 5858<br>2\u00ba TESOUREIRO: <strong>Airton Sebasti\u00e3o Moreira <\/strong>&#8211; CRECI\/MT n\u00ba 4002<br>CONSELHEIRO FISCAL: <strong>Marcelo Jos\u00e9 Parreira<\/strong> &#8211; CRECI\/MT n\u00ba 5997<br>CONSELHEIRA FISCAL: <strong>Maria Ines Pozza<\/strong> &#8211; CRECI\/MT n\u00ba 10383<br>CONSELHEIRA FISCAL: <strong>Katia Concei\u00e7\u00e3o da Cruz e Silva <\/strong>&#8211; CRECI\/MT n\u00ba 7065<br>CONSELHEIRO FISCAL: <strong>Ismael Baena Castillo <\/strong>&#8211; CRECI\/MT n\u00ba 4875<br>2\u00ba SUPLENTE: <strong>Jos\u00e9 Moreira Figueira<\/strong> &#8211; CRECI\/MT n\u00ba 6353<br>3\u00aa SUPLENTE: <strong>Neli de Almeida Lemes<\/strong> &#8211; CRECI\/MT n\u00ba 8094<br>DELEGADO EFETIVO JUNTO \u00c0 FENACI EM MT: <strong>Adalberto Marques Ventura <\/strong>&#8211; CRECI\/MT n\u00ba 5315<br><\/p>\n\n\n\n<p><strong>Dispensados da convoca\u00e7\u00e3o: <\/strong>Com base no Artigo 8\u00ba, inciso V, da Constitui\u00e7\u00e3o Federal, e devido ao recebimento das cartas de ren\u00fancia, est\u00e3o dispensados desta convoca\u00e7\u00e3o:<\/p>\n\n\n\n<ul class=\"wp-block-list\">\n<li>EX-1\u00ba VICE-PRESIDENTE: <strong>Ricardo Murilo de Arruda Alves<\/strong> &#8211; CRECI\/MT n\u00ba 5423<\/li>\n\n\n\n<li>EX-1\u00aa SECRET\u00c1RIA: <strong>Ana Rita Alves Trindade<\/strong> &#8211; CRECI\/MT n\u00ba 7239<\/li>\n<\/ul>\n\n\n\n<p><br><strong>Pautas:<\/strong><\/p>\n\n\n\n<ul class=\"wp-block-list\">\n<li>1 &#8211; Aprecia\u00e7\u00e3o da listagem de novos sindicalizados ao SINDIM\u00d3VEIS MT, conforme exig\u00eancias do Estatuto Social;<\/li>\n\n\n\n<li>2 &#8211; Informe sobre a nomea\u00e7\u00e3o das <strong>Diretorias<\/strong> e das <strong>Secretarias<\/strong> <em>ADHOC<\/em>;<\/li>\n\n\n\n<li>3 &#8211; Informes gerais.<\/li>\n<\/ul>\n\n\n\n<p>Solicitamos a pontualidade e participa\u00e7\u00e3o de todos para o bom andamento das delibera\u00e7\u00f5es.<\/p>\n\n\n\n<p><\/p>\n\n\n\n<p>Cuiab\u00e1, 15 de janeiro de 2025<br>Juliano Lobato Evangelista<br>Presidente<br>SINDIM\u00d3VEIS MT<\/p>\n        <div class=\"booster-block booster-reactions-block\">\n            <div class=\"twp-reactions-icons\">\n                \n                <div class=\"twp-reacts-wrap\">\n                    <a react-data=\"be-react-1\" post-id=\"1160\" class=\"be-face-icons un-reacted\" href=\"javascript:void(0)\">\n                        <img decoding=\"async\" src=\"https:\/\/sindimoveis.cim.br\/wp-content\/plugins\/booster-extension\/\/assets\/icon\/happy.svg\" alt=\"Happy\">\n                    <\/a>\n                    <div class=\"twp-reaction-title\">\n                        Happy                    <\/div>\n                    <div class=\"twp-count-percent\">\n                                                    <span style=\"display: none;\" class=\"twp-react-count\">0<\/span>\n                        \n                                                <span class=\"twp-react-percent\"><span>0<\/span> %<\/span>\n                                            <\/div>\n                <\/div>\n\n                <div class=\"twp-reacts-wrap\">\n                    <a react-data=\"be-react-2\" post-id=\"1160\" class=\"be-face-icons un-reacted\" href=\"javascript:void(0)\">\n                        <img decoding=\"async\" src=\"https:\/\/sindimoveis.cim.br\/wp-content\/plugins\/booster-extension\/\/assets\/icon\/sad.svg\" alt=\"Sad\">\n                    <\/a>\n                    <div class=\"twp-reaction-title\">\n                        Sad                    <\/div>\n                    <div class=\"twp-count-percent\">\n                                                    <span style=\"display: none;\" class=\"twp-react-count\">0<\/span>\n                                                                        <span class=\"twp-react-percent\"><span>0<\/span> %<\/span>\n                                            <\/div>\n                <\/div>\n\n                <div class=\"twp-reacts-wrap\">\n                    <a react-data=\"be-react-3\" post-id=\"1160\" class=\"be-face-icons un-reacted\" href=\"javascript:void(0)\">\n                        <img decoding=\"async\" src=\"https:\/\/sindimoveis.cim.br\/wp-content\/plugins\/booster-extension\/\/assets\/icon\/excited.svg\" alt=\"Excited\">\n                    <\/a>\n                    <div class=\"twp-reaction-title\">\n                        Excited                    <\/div>\n                    <div class=\"twp-count-percent\">\n                                                    <span style=\"display: none;\" class=\"twp-react-count\">0<\/span>\n                                                                        <span class=\"twp-react-percent\"><span>0<\/span> %<\/span>\n                                            <\/div>\n                <\/div>\n\n                <div class=\"twp-reacts-wrap\">\n                    <a react-data=\"be-react-6\" post-id=\"1160\" class=\"be-face-icons un-reacted\" href=\"javascript:void(0)\">\n                        <img decoding=\"async\" src=\"https:\/\/sindimoveis.cim.br\/wp-content\/plugins\/booster-extension\/\/assets\/icon\/sleepy.svg\" alt=\"Sleepy\">\n                    <\/a>\n                    <div class=\"twp-reaction-title\">\n                        Sleepy                    <\/div>\n                    <div class=\"twp-count-percent\">\n                                                    <span style=\"display: none;\" class=\"twp-react-count\">0<\/span>\n                        \n                                                <span class=\"twp-react-percent\"><span>0<\/span> %<\/span>\n                                            <\/div>\n                <\/div>\n\n                <div class=\"twp-reacts-wrap\">\n                    <a react-data=\"be-react-4\" post-id=\"1160\" class=\"be-face-icons un-reacted\" href=\"javascript:void(0)\">\n                        <img decoding=\"async\" src=\"https:\/\/sindimoveis.cim.br\/wp-content\/plugins\/booster-extension\/\/assets\/icon\/angry.svg\" alt=\"Angry\">\n                    <\/a>\n                    <div class=\"twp-reaction-title\">Angry<\/div>\n                    <div class=\"twp-count-percent\">\n                                                    <span style=\"display: none;\" class=\"twp-react-count\">0<\/span>\n                                                                        <span class=\"twp-react-percent\"><span>0<\/span> %<\/span>\n                        \n                    <\/div>\n                <\/div>\n\n                <div class=\"twp-reacts-wrap\">\n                    <a react-data=\"be-react-5\" post-id=\"1160\" class=\"be-face-icons un-reacted\" href=\"javascript:void(0)\">\n                        <img decoding=\"async\" src=\"https:\/\/sindimoveis.cim.br\/wp-content\/plugins\/booster-extension\/\/assets\/icon\/surprise.svg\" alt=\"Surprise\">\n                    <\/a>\n                    <div class=\"twp-reaction-title\">Surprise<\/div>\n                    <div class=\"twp-count-percent\">\n                                                    <span style=\"display: none;\" class=\"twp-react-count\">0<\/span>\n                                                                        <span class=\"twp-react-percent\"><span>0<\/span> %<\/span>\n                                            <\/div>\n                <\/div>\n\n            <\/div>\n        <\/div>\n\n    ","protected":false},"excerpt":{"rendered":"<p>O Sindicato dos Corretores de Im\u00f3veis do Estado de Mato Grosso &#8211; SINDIM\u00d3VEIS MT, na pessoa de seu Presidente, Juliano Lobato Evangelista, nos termos do Estatuto Social do Sindicato, convoca todos os membros eleitos da Diretoria Executiva, &nbsp;do Conselho Fiscal e da Representa\u00e7\u00e3o em MT da FENACI para a Reuni\u00e3o de Diretoria, com o objetivo [&hellip;]<\/p>\n","protected":false},"author":4,"featured_media":0,"comment_status":"open","ping_status":"open","sticky":false,"template":"","format":"standard","meta":{"om_disable_all_campaigns":false,"_monsterinsights_skip_tracking":false,"_monsterinsights_sitenote_active":false,"_monsterinsights_sitenote_note":"","_monsterinsights_sitenote_category":0,"footnotes":""},"categories":[5],"tags":[],"class_list":["post-1160","post","type-post","status-publish","format-standard","hentry","category-publicacoes-oficiais"],"aioseo_notices":[],"_links":{"self":[{"href":"https:\/\/sindimoveis.cim.br\/index.php\/wp-json\/wp\/v2\/posts\/1160","targetHints":{"allow":["GET"]}}],"collection":[{"href":"https:\/\/sindimoveis.cim.br\/index.php\/wp-json\/wp\/v2\/posts"}],"about":[{"href":"https:\/\/sindimoveis.cim.br\/index.php\/wp-json\/wp\/v2\/types\/post"}],"author":[{"embeddable":true,"href":"https:\/\/sindimoveis.cim.br\/index.php\/wp-json\/wp\/v2\/users\/4"}],"replies":[{"embeddable":true,"href":"https:\/\/sindimoveis.cim.br\/index.php\/wp-json\/wp\/v2\/comments?post=1160"}],"version-history":[{"count":3,"href":"https:\/\/sindimoveis.cim.br\/index.php\/wp-json\/wp\/v2\/posts\/1160\/revisions"}],"predecessor-version":[{"id":1225,"href":"https:\/\/sindimoveis.cim.br\/index.php\/wp-json\/wp\/v2\/posts\/1160\/revisions\/1225"}],"wp:attachment":[{"href":"https:\/\/sindimoveis.cim.br\/index.php\/wp-json\/wp\/v2\/media?parent=1160"}],"wp:term":[{"taxonomy":"category","embeddable":true,"href":"https:\/\/sindimoveis.cim.br\/index.php\/wp-json\/wp\/v2\/categories?post=1160"},{"taxonomy":"post_tag","embeddable":true,"href":"https:\/\/sindimoveis.cim.br\/index.php\/wp-json\/wp\/v2\/tags?post=1160"}],"curies":[{"name":"wp","href":"https:\/\/api.w.org\/{rel}","templated":true}]}}