{"id":1118,"date":"2024-12-05T16:04:32","date_gmt":"2024-12-05T20:04:32","guid":{"rendered":"https:\/\/sindimoveis.cim.br\/?p=1118"},"modified":"2024-12-05T16:09:08","modified_gmt":"2024-12-05T20:09:08","slug":"anualidades-de-corretores-de-mato-grosso-bancam-luxo-e-multas-por-assedio-de-corretor-privilegiado","status":"publish","type":"post","link":"https:\/\/sindimoveis.cim.br\/index.php\/2024\/12\/05\/anualidades-de-corretores-de-mato-grosso-bancam-luxo-e-multas-por-assedio-de-corretor-privilegiado\/","title":{"rendered":"Anualidades de Corretores de Mato Grosso Bancam Luxo e Multas por Ass\u00e9dio de &#8220;Corretor Privilegiado&#8221;"},"content":{"rendered":"<div class='booster-block booster-read-block'>\n                <div class=\"twp-read-time\">\n                \t<i class=\"booster-icon twp-clock\"><\/i> <span>Read Time:<\/span>1 Minute, 48 Second                <\/div>\n\n            <\/div>\n<figure class=\"wp-block-gallery has-nested-images columns-default is-cropped wp-block-gallery-1 is-layout-flex wp-block-gallery-is-layout-flex\">\n<figure class=\"wp-block-image size-full\"><img loading=\"lazy\" decoding=\"async\" width=\"800\" height=\"732\" data-id=\"1120\" src=\"http:\/\/sindimoveis.cim.br\/wp-content\/uploads\/2024\/12\/crecimt-1.png\" alt=\"\" class=\"wp-image-1120\" srcset=\"https:\/\/sindimoveis.cim.br\/wp-content\/uploads\/2024\/12\/crecimt-1.png 800w, https:\/\/sindimoveis.cim.br\/wp-content\/uploads\/2024\/12\/crecimt-1-300x275.png 300w, https:\/\/sindimoveis.cim.br\/wp-content\/uploads\/2024\/12\/crecimt-1-768x703.png 768w\" sizes=\"auto, (max-width: 800px) 100vw, 800px\" \/><\/figure>\n<\/figure>\n\n\n\n<p>O <strong>CRECI-MT<\/strong>, \u00f3rg\u00e3o respons\u00e1vel por garantir a seguran\u00e7a e a regulamenta\u00e7\u00e3o do mercado imobili\u00e1rio no estado, foi surpreendido por uma grave den\u00fancia: pouco menos de R$ 30 mil em multas, que deveriam ser de responsabilidade de um \u00fanico corretor de im\u00f3veis, est\u00e3o sendo quitadas com <strong>recursos do caixa da autarquia<\/strong>. A origem dessas multas est\u00e1 em penalidades aplicadas pelo Minist\u00e9rio P\u00fablico do Trabalho, referentes a casos de ass\u00e9dio cometido por corretor de im\u00f3veis contra trabalhadoras do \u00f3rg\u00e3o de Classe dos Corretores de Im\u00f3veis.<\/p>\n\n\n\n<p>A situa\u00e7\u00e3o \u00e9 ainda mais alarmante, pois o dinheiro utilizado para o pagamento das <strong>multas pelo ass\u00e9dio cometido pelo corretor <\/strong>s\u00e3o provenientes das anualidades obrigat\u00f3rias pagas por todos os corretores de Mato Grosso. <em>Os recursos das nossas anualidades, que deveriam ser direcionados para fiscaliza\u00e7\u00f5es e prote\u00e7\u00e3o do exerc\u00edcio da profiss\u00e3o de corretor de im\u00f3veis em Mato Grosso, foram desviados para cobrir despesas particulares que deveriam ter sido arcadas por quem cometeu o ass\u00e9dio !<\/em> <\/p>\n\n\n\n<blockquote class=\"wp-block-quote is-layout-flow wp-block-quote-is-layout-flow\">\n<p><strong>Agora toda uma categoria profissional \u00e9 chamada a pagar pelos erros de um \u00fanico corretor, manchando a imagem do CRECI-MT e gerando indigna\u00e7\u00e3o entre os profissionais mais s\u00e9rios do setor.<\/strong><\/p>\n<\/blockquote>\n\n\n\n<p><br>Al\u00e9m  de pagar as multas pelos erros cometidos pelo corretor, o CRECI-MT recentemente adquiriu um ve\u00edculo de luxo, avaliado em R$ 373 mil, <strong>exclusivamente para atender a esse mesmo corretor<\/strong>.  Pela primeira vez na sua hist\u00f3ria a Autarquia, inaugurada pelo saudoso RUY PINHEIRO DE ARA\u00daJO deixa de servir a toda uma categoria para agora se curvar aos interesses pol\u00edticos e pessoais de um \u00fanico corretor, que se diz <strong>PERSEGUIDO<\/strong> por aqueles que denunciam um ambiente de privil\u00e9gios e desvio de fun\u00e7\u00e3o da autarquia.<\/p>\n\n\n\n<p>O pagamento das multas est\u00e1 vinculado ao Inqu\u00e9rito Civil n\u00ba 000022.2022.23.000\/1, instaurado pela Procuradoria Regional do Trabalho da 23\u00aa Regi\u00e3o.<\/p>\n\n\n\n<blockquote class=\"wp-block-quote is-layout-flow wp-block-quote-is-layout-flow\">\n<p><br><strong>&#8220;O Sindicato dos Corretores de Imoveis de Mato Grosso entende que este comportamento da Gest\u00e3o do Presidente Claudecir Contreiras \u00e9 uma clara demonstra\u00e7\u00e3o de desvio de finalidade das anuidades e o uso indevido de recursos do Conselho. Isso s\u00f3 alimenta um ambiente de esc\u00e2ndalo que afeta a confian\u00e7a que os Corretores s\u00e9rios depositam no CRECI-MT . &#8220;<\/strong> reflete o Presidente SINDIMOVEIS MT, Juliano Lobato.<\/p>\n<\/blockquote>\n\n\n\n<p><\/p>\n        <div class=\"booster-block booster-reactions-block\">\n            <div class=\"twp-reactions-icons\">\n                \n                <div class=\"twp-reacts-wrap\">\n                    <a react-data=\"be-react-1\" post-id=\"1118\" class=\"be-face-icons un-reacted\" href=\"javascript:void(0)\">\n                        <img decoding=\"async\" src=\"https:\/\/sindimoveis.cim.br\/wp-content\/plugins\/booster-extension\/\/assets\/icon\/happy.svg\" alt=\"Happy\">\n                    <\/a>\n                    <div class=\"twp-reaction-title\">\n                        Happy                    <\/div>\n                    <div class=\"twp-count-percent\">\n                                                    <span style=\"display: none;\" class=\"twp-react-count\">0<\/span>\n                        \n                                                <span class=\"twp-react-percent\"><span>0<\/span> %<\/span>\n                                            <\/div>\n                <\/div>\n\n                <div class=\"twp-reacts-wrap\">\n                    <a react-data=\"be-react-2\" post-id=\"1118\" class=\"be-face-icons un-reacted\" href=\"javascript:void(0)\">\n                        <img decoding=\"async\" src=\"https:\/\/sindimoveis.cim.br\/wp-content\/plugins\/booster-extension\/\/assets\/icon\/sad.svg\" alt=\"Sad\">\n                    <\/a>\n                    <div class=\"twp-reaction-title\">\n                        Sad                    <\/div>\n                    <div class=\"twp-count-percent\">\n                                                    <span style=\"display: none;\" class=\"twp-react-count\">0<\/span>\n                                                                        <span class=\"twp-react-percent\"><span>0<\/span> %<\/span>\n                                            <\/div>\n                <\/div>\n\n                <div class=\"twp-reacts-wrap\">\n                    <a react-data=\"be-react-3\" post-id=\"1118\" class=\"be-face-icons un-reacted\" href=\"javascript:void(0)\">\n                        <img decoding=\"async\" src=\"https:\/\/sindimoveis.cim.br\/wp-content\/plugins\/booster-extension\/\/assets\/icon\/excited.svg\" alt=\"Excited\">\n                    <\/a>\n                    <div class=\"twp-reaction-title\">\n                        Excited                    <\/div>\n                    <div class=\"twp-count-percent\">\n                                                    <span style=\"display: none;\" class=\"twp-react-count\">0<\/span>\n                                                                        <span class=\"twp-react-percent\"><span>0<\/span> %<\/span>\n                                            <\/div>\n                <\/div>\n\n                <div class=\"twp-reacts-wrap\">\n                    <a react-data=\"be-react-6\" post-id=\"1118\" class=\"be-face-icons un-reacted\" href=\"javascript:void(0)\">\n                        <img decoding=\"async\" src=\"https:\/\/sindimoveis.cim.br\/wp-content\/plugins\/booster-extension\/\/assets\/icon\/sleepy.svg\" alt=\"Sleepy\">\n                    <\/a>\n                    <div class=\"twp-reaction-title\">\n                        Sleepy                    <\/div>\n                    <div class=\"twp-count-percent\">\n                                                    <span style=\"display: none;\" class=\"twp-react-count\">0<\/span>\n                        \n                                                <span class=\"twp-react-percent\"><span>0<\/span> %<\/span>\n                                            <\/div>\n                <\/div>\n\n                <div class=\"twp-reacts-wrap\">\n                    <a react-data=\"be-react-4\" post-id=\"1118\" class=\"be-face-icons un-reacted\" href=\"javascript:void(0)\">\n                        <img decoding=\"async\" src=\"https:\/\/sindimoveis.cim.br\/wp-content\/plugins\/booster-extension\/\/assets\/icon\/angry.svg\" alt=\"Angry\">\n                    <\/a>\n                    <div class=\"twp-reaction-title\">Angry<\/div>\n                    <div class=\"twp-count-percent\">\n                                                    <span style=\"display: none;\" class=\"twp-react-count\">0<\/span>\n                                                                        <span class=\"twp-react-percent\"><span>0<\/span> %<\/span>\n                        \n                    <\/div>\n                <\/div>\n\n                <div class=\"twp-reacts-wrap\">\n                    <a react-data=\"be-react-5\" post-id=\"1118\" class=\"be-face-icons un-reacted\" href=\"javascript:void(0)\">\n                        <img decoding=\"async\" src=\"https:\/\/sindimoveis.cim.br\/wp-content\/plugins\/booster-extension\/\/assets\/icon\/surprise.svg\" alt=\"Surprise\">\n                    <\/a>\n                    <div class=\"twp-reaction-title\">Surprise<\/div>\n                    <div class=\"twp-count-percent\">\n                                                    <span style=\"display: none;\" class=\"twp-react-count\">0<\/span>\n                                                                        <span class=\"twp-react-percent\"><span>0<\/span> %<\/span>\n                                            <\/div>\n                <\/div>\n\n            <\/div>\n        <\/div>\n\n    ","protected":false},"excerpt":{"rendered":"<p>O CRECI-MT, \u00f3rg\u00e3o respons\u00e1vel por garantir a seguran\u00e7a e a regulamenta\u00e7\u00e3o do mercado imobili\u00e1rio no estado, foi surpreendido por uma grave den\u00fancia: pouco menos de R$ 30 mil em multas, que deveriam ser de responsabilidade de um \u00fanico corretor de im\u00f3veis, est\u00e3o sendo quitadas com recursos do caixa da autarquia. A origem dessas multas est\u00e1 [&hellip;]<\/p>\n","protected":false},"author":4,"featured_media":0,"comment_status":"open","ping_status":"open","sticky":false,"template":"","format":"standard","meta":{"om_disable_all_campaigns":false,"_monsterinsights_skip_tracking":false,"_monsterinsights_sitenote_active":false,"_monsterinsights_sitenote_note":"","_monsterinsights_sitenote_category":0,"footnotes":""},"categories":[1],"tags":[],"class_list":["post-1118","post","type-post","status-publish","format-standard","hentry","category-comunicacao-oficial"],"aioseo_notices":[],"_links":{"self":[{"href":"https:\/\/sindimoveis.cim.br\/index.php\/wp-json\/wp\/v2\/posts\/1118","targetHints":{"allow":["GET"]}}],"collection":[{"href":"https:\/\/sindimoveis.cim.br\/index.php\/wp-json\/wp\/v2\/posts"}],"about":[{"href":"https:\/\/sindimoveis.cim.br\/index.php\/wp-json\/wp\/v2\/types\/post"}],"author":[{"embeddable":true,"href":"https:\/\/sindimoveis.cim.br\/index.php\/wp-json\/wp\/v2\/users\/4"}],"replies":[{"embeddable":true,"href":"https:\/\/sindimoveis.cim.br\/index.php\/wp-json\/wp\/v2\/comments?post=1118"}],"version-history":[{"count":1,"href":"https:\/\/sindimoveis.cim.br\/index.php\/wp-json\/wp\/v2\/posts\/1118\/revisions"}],"predecessor-version":[{"id":1121,"href":"https:\/\/sindimoveis.cim.br\/index.php\/wp-json\/wp\/v2\/posts\/1118\/revisions\/1121"}],"wp:attachment":[{"href":"https:\/\/sindimoveis.cim.br\/index.php\/wp-json\/wp\/v2\/media?parent=1118"}],"wp:term":[{"taxonomy":"category","embeddable":true,"href":"https:\/\/sindimoveis.cim.br\/index.php\/wp-json\/wp\/v2\/categories?post=1118"},{"taxonomy":"post_tag","embeddable":true,"href":"https:\/\/sindimoveis.cim.br\/index.php\/wp-json\/wp\/v2\/tags?post=1118"}],"curies":[{"name":"wp","href":"https:\/\/api.w.org\/{rel}","templated":true}]}}