{"id":1034,"date":"2022-07-30T13:28:00","date_gmt":"2022-07-30T17:28:00","guid":{"rendered":"https:\/\/sindimoveis.cim.br\/?p=1034"},"modified":"2024-10-04T10:58:45","modified_gmt":"2024-10-04T14:58:45","slug":"paz-e-uniao-em-prol-do-fortalecimento-da-categoria","status":"publish","type":"post","link":"https:\/\/sindimoveis.cim.br\/index.php\/2022\/07\/30\/paz-e-uniao-em-prol-do-fortalecimento-da-categoria\/","title":{"rendered":"PAZ E UNI\u00c3O EM PROL DO FORTALECIMENTO DA CATEGORIA"},"content":{"rendered":"<div class='booster-block booster-read-block'>\n                <div class=\"twp-read-time\">\n                \t<i class=\"booster-icon twp-clock\"><\/i> <span>Read Time:<\/span>1 Minute, 29 Second                <\/div>\n\n            <\/div>\n<p>A Gest\u00e3o <strong>REERGUENDO O SINDIM\u00d3VEIS<\/strong> tomou posse neste ultimo dia 15 com o compromisso maior de unir as for\u00e7as pol\u00edticas que disputaram as ultimas elei\u00e7\u00f5es para o Conselho de Classe em campos opostos e canalizar as for\u00e7as agora em prol de um \u00fanico sentido: reeerguermos a entidade sindical para servir como instrumento do fortalecimento das a\u00e7\u00f5es sociais e amplia\u00e7\u00e3o da participa\u00e7\u00e3o pol\u00edtica dos corretores de im\u00f3veis nas leis que regem os destinos do mercado imobili\u00e1rio.<\/p>\n\n\n\n<p>Os passos de consenso entre os dois grupos, antes politicamente opostos e agora unidos em prol do fortalecimento das entidades que d\u00e3o for\u00e7a \u00e0 imagem institucional da nossa profiss\u00e3o, s\u00e3o a instala\u00e7\u00e3o de uma sede f\u00edsica para o sindicato e a finaliza\u00e7\u00e3o da quita\u00e7\u00e3o dos d\u00e9bitos trabalhistas deixados pelas gest\u00f5es anteriores.<\/p>\n\n\n\n<p>A atual diretoria do SINDIMOVEIS est\u00e1 nesta gest\u00e3o 2022\/2025 agora composta por uma coes\u00e3o de for\u00e7as entre os membros da ACRECIMT (Associa\u00e7\u00e3o dos Corretores de Imoveis de Mato Grosso), em reelei\u00e7\u00e3o no SINDIM\u00d3VEIS, agora com o ingresso de membros da atual gest\u00e3o do CRECI MT. <\/p>\n\n\n\n<p>Dos 7 cargo na forma\u00e7\u00e3o da <strong>diretoria<\/strong> recebemos na composi\u00e7\u00e3o os colegas corretores <strong>Ricardo Arruda<\/strong> como vice-presidente, <strong>Marcelo Parreira<\/strong> e <strong>K\u00e1tia Cruz<\/strong> como Conselheiros Fiscais.  Na forma\u00e7\u00e3o da <strong>diretoria ampliada<\/strong> ingressaram como Diretores os corretores <strong>Luiz Barcellos<\/strong> e <strong>Claudecir Contreiras<\/strong>. Na composi\u00e7\u00e3o das<strong> Delegacias Regionais<\/strong> ingressam os colegas  <strong>Adailton Giovani<\/strong>, <strong>Beto <\/strong>de Sinop, <strong>Dari Biesek<\/strong>, <strong>Elenir Kujat<\/strong>, <strong>Gilberto Algayer<\/strong>, <strong>Ivone Nishi<\/strong>, <strong>Jonas Santos<\/strong>, <strong>Mauro Celio<\/strong>, <strong>Mauro Melo<\/strong>, <strong>Paulo Roberto Oliveira<\/strong> e <strong>Veloso<\/strong> de Primavera. <\/p>\n\n\n\n<p>O acordo de divis\u00e3o das for\u00e7as na gest\u00e3o da entidade sindical nos permitir\u00e1 caminharmos rumo \u00e0 quita\u00e7\u00e3o do processo trabalhista, voltarmos a ter uma sede f\u00edsica, conseguirmos emitir as certid\u00f5es de regularidade da entidade sindical e assim conseguirmos reunir as condi\u00e7\u00f5es efetivas para seguirmos<strong> REERGUENDO O SINDIM\u00d3VEIS MT.<\/strong><\/p>\n\n\n\n<p>ESTAMOS JUNTOS !<\/p>\n        <div class=\"booster-block booster-reactions-block\">\n            <div class=\"twp-reactions-icons\">\n                \n                <div class=\"twp-reacts-wrap\">\n                    <a react-data=\"be-react-1\" post-id=\"1034\" class=\"be-face-icons un-reacted\" href=\"javascript:void(0)\">\n                        <img decoding=\"async\" src=\"https:\/\/sindimoveis.cim.br\/wp-content\/plugins\/booster-extension\/\/assets\/icon\/happy.svg\" alt=\"Happy\">\n                    <\/a>\n                    <div class=\"twp-reaction-title\">\n                        Happy                    <\/div>\n                    <div class=\"twp-count-percent\">\n                                                    <span style=\"display: none;\" class=\"twp-react-count\">0<\/span>\n                        \n                                                <span class=\"twp-react-percent\"><span>0<\/span> %<\/span>\n                                            <\/div>\n                <\/div>\n\n                <div class=\"twp-reacts-wrap\">\n                    <a react-data=\"be-react-2\" post-id=\"1034\" class=\"be-face-icons un-reacted\" href=\"javascript:void(0)\">\n                        <img decoding=\"async\" src=\"https:\/\/sindimoveis.cim.br\/wp-content\/plugins\/booster-extension\/\/assets\/icon\/sad.svg\" alt=\"Sad\">\n                    <\/a>\n                    <div class=\"twp-reaction-title\">\n                        Sad                    <\/div>\n                    <div class=\"twp-count-percent\">\n                                                    <span style=\"display: none;\" class=\"twp-react-count\">0<\/span>\n                                                                        <span class=\"twp-react-percent\"><span>0<\/span> %<\/span>\n                                            <\/div>\n                <\/div>\n\n                <div class=\"twp-reacts-wrap\">\n                    <a react-data=\"be-react-3\" post-id=\"1034\" class=\"be-face-icons un-reacted\" href=\"javascript:void(0)\">\n                        <img decoding=\"async\" src=\"https:\/\/sindimoveis.cim.br\/wp-content\/plugins\/booster-extension\/\/assets\/icon\/excited.svg\" alt=\"Excited\">\n                    <\/a>\n                    <div class=\"twp-reaction-title\">\n                        Excited                    <\/div>\n                    <div class=\"twp-count-percent\">\n                                                    <span style=\"display: none;\" class=\"twp-react-count\">0<\/span>\n                                                                        <span class=\"twp-react-percent\"><span>0<\/span> %<\/span>\n                                            <\/div>\n                <\/div>\n\n                <div class=\"twp-reacts-wrap\">\n                    <a react-data=\"be-react-6\" post-id=\"1034\" class=\"be-face-icons un-reacted\" href=\"javascript:void(0)\">\n                        <img decoding=\"async\" src=\"https:\/\/sindimoveis.cim.br\/wp-content\/plugins\/booster-extension\/\/assets\/icon\/sleepy.svg\" alt=\"Sleepy\">\n                    <\/a>\n                    <div class=\"twp-reaction-title\">\n                        Sleepy                    <\/div>\n                    <div class=\"twp-count-percent\">\n                                                    <span style=\"display: none;\" class=\"twp-react-count\">0<\/span>\n                        \n                                                <span class=\"twp-react-percent\"><span>0<\/span> %<\/span>\n                                            <\/div>\n                <\/div>\n\n                <div class=\"twp-reacts-wrap\">\n                    <a react-data=\"be-react-4\" post-id=\"1034\" class=\"be-face-icons un-reacted\" href=\"javascript:void(0)\">\n                        <img decoding=\"async\" src=\"https:\/\/sindimoveis.cim.br\/wp-content\/plugins\/booster-extension\/\/assets\/icon\/angry.svg\" alt=\"Angry\">\n                    <\/a>\n                    <div class=\"twp-reaction-title\">Angry<\/div>\n                    <div class=\"twp-count-percent\">\n                                                    <span style=\"display: none;\" class=\"twp-react-count\">0<\/span>\n                                                                        <span class=\"twp-react-percent\"><span>0<\/span> %<\/span>\n                        \n                    <\/div>\n                <\/div>\n\n                <div class=\"twp-reacts-wrap\">\n                    <a react-data=\"be-react-5\" post-id=\"1034\" class=\"be-face-icons un-reacted\" href=\"javascript:void(0)\">\n                        <img decoding=\"async\" src=\"https:\/\/sindimoveis.cim.br\/wp-content\/plugins\/booster-extension\/\/assets\/icon\/surprise.svg\" alt=\"Surprise\">\n                    <\/a>\n                    <div class=\"twp-reaction-title\">Surprise<\/div>\n                    <div class=\"twp-count-percent\">\n                                                    <span style=\"display: none;\" class=\"twp-react-count\">0<\/span>\n                                                                        <span class=\"twp-react-percent\"><span>0<\/span> %<\/span>\n                                            <\/div>\n                <\/div>\n\n            <\/div>\n        <\/div>\n\n    ","protected":false},"excerpt":{"rendered":"<p>A Gest\u00e3o REERGUENDO O SINDIM\u00d3VEIS tomou posse neste ultimo dia 15 com o compromisso maior de unir as for\u00e7as pol\u00edticas que disputaram as ultimas elei\u00e7\u00f5es para o Conselho de Classe em campos opostos e canalizar as for\u00e7as agora em prol de um \u00fanico sentido: reeerguermos a entidade sindical para servir como instrumento do fortalecimento das [&hellip;]<\/p>\n","protected":false},"author":1,"featured_media":1036,"comment_status":"open","ping_status":"closed","sticky":false,"template":"","format":"standard","meta":{"om_disable_all_campaigns":false,"_monsterinsights_skip_tracking":false,"_monsterinsights_sitenote_active":false,"_monsterinsights_sitenote_note":"","_monsterinsights_sitenote_category":0,"footnotes":""},"categories":[4],"tags":[],"class_list":["post-1034","post","type-post","status-publish","format-standard","has-post-thumbnail","hentry","category-noticias"],"aioseo_notices":[],"_links":{"self":[{"href":"https:\/\/sindimoveis.cim.br\/index.php\/wp-json\/wp\/v2\/posts\/1034","targetHints":{"allow":["GET"]}}],"collection":[{"href":"https:\/\/sindimoveis.cim.br\/index.php\/wp-json\/wp\/v2\/posts"}],"about":[{"href":"https:\/\/sindimoveis.cim.br\/index.php\/wp-json\/wp\/v2\/types\/post"}],"author":[{"embeddable":true,"href":"https:\/\/sindimoveis.cim.br\/index.php\/wp-json\/wp\/v2\/users\/1"}],"replies":[{"embeddable":true,"href":"https:\/\/sindimoveis.cim.br\/index.php\/wp-json\/wp\/v2\/comments?post=1034"}],"version-history":[{"count":8,"href":"https:\/\/sindimoveis.cim.br\/index.php\/wp-json\/wp\/v2\/posts\/1034\/revisions"}],"predecessor-version":[{"id":1078,"href":"https:\/\/sindimoveis.cim.br\/index.php\/wp-json\/wp\/v2\/posts\/1034\/revisions\/1078"}],"wp:featuredmedia":[{"embeddable":true,"href":"https:\/\/sindimoveis.cim.br\/index.php\/wp-json\/wp\/v2\/media\/1036"}],"wp:attachment":[{"href":"https:\/\/sindimoveis.cim.br\/index.php\/wp-json\/wp\/v2\/media?parent=1034"}],"wp:term":[{"taxonomy":"category","embeddable":true,"href":"https:\/\/sindimoveis.cim.br\/index.php\/wp-json\/wp\/v2\/categories?post=1034"},{"taxonomy":"post_tag","embeddable":true,"href":"https:\/\/sindimoveis.cim.br\/index.php\/wp-json\/wp\/v2\/tags?post=1034"}],"curies":[{"name":"wp","href":"https:\/\/api.w.org\/{rel}","templated":true}]}}